{"id":49552,"date":"2026-04-14T13:43:53","date_gmt":"2026-04-14T13:43:53","guid":{"rendered":"https:\/\/wydawnictwo.ug.edu.pl\/?p=49552"},"modified":"2026-04-14T13:43:53","modified_gmt":"2026-04-14T13:43:53","slug":"rozmowa-z-dr-tomaszem-snarskim-o-ksiazce-milosierdzie-w-prawie-karnym-na-lamach-kuriera-wilenskiego","status":"publish","type":"post","link":"https:\/\/wydawnictwo.ug.edu.pl\/en\/rozmowa-z-dr-tomaszem-snarskim-o-ksiazce-milosierdzie-w-prawie-karnym-na-lamach-kuriera-wilenskiego\/","title":{"rendered":"Rozmowa z dr. Tomaszem Snarskim o ksi\u0105\u017cce \u201eMi\u0142osierdzie w prawie karnym\u2026\u201d na \u0142amach \u201eKuriera Wile\u0144skiego\u201d"},"content":{"rendered":"<p>W \u201eKurierze Wile\u0144skim\u201d nr 14(39)\/2026 ukaza\u0142a si\u0119 rozmowa z dr. Tomaszem Snarskim wok\u00f3\u0142 jego najnowszej ksi\u0105\u017cki <a href=\"https:\/\/wydawnictwo.ug.edu.pl\/ksiegarnia-online\/prawo-i-administracja\/milosierdzie-w-prawie-karnym-jako-zagadnienie-wspolczesnej-filozofii-prawa\/\"><em>Mi\u0142osierdzie w prawie karnym jako zagadnienie wsp\u00f3\u0142czesnej filozofii prawa<\/em><\/a>.<\/p>\n<blockquote><p>Mi\u0142osierdzie pokazuje mo\u017cliw\u0105 inn\u0105 tre\u015b\u0107 sprawiedliwo\u015bci. Bardziej ludzk\u0105, ukierunkowan\u0105 na wydobywanie dobra, na wsp\u00f3lnotowo\u015b\u0107, na naprawienie wyrz\u0105dzonego z\u0142a.<\/p><\/blockquote>\n<p>Zach\u0119camy do <a href=\"https:\/\/kurierwilenski.lt\/2026\/04\/12\/tomasz-snarski-milosierdzie-jest-podstawa-sprawiedliwosci\/\">lektury<\/a>.<\/p>\n","protected":false},"excerpt":{"rendered":"<p>W \u201eKurierze Wile\u0144skim\u201d nr 14(39)\/2026 ukaza\u0142a si\u0119 rozmowa z dr. Tomaszem Snarskim wok\u00f3\u0142 jego najnowszej ksi\u0105\u017cki Mi\u0142osierdzie w prawie karnym jako zagadnienie wsp\u00f3\u0142czesnej filozofii prawa. Mi\u0142osierdzie pokazuje mo\u017cliw\u0105 inn\u0105 tre\u015b\u0107 sprawiedliwo\u015bci. Bardziej ludzk\u0105, ukierunkowan\u0105 na wydobywanie dobra, na wsp\u00f3lnotowo\u015b\u0107, na naprawienie wyrz\u0105dzonego z\u0142a. Zach\u0119camy do lektury.<\/p>\n","protected":false},"author":3954,"featured_media":44794,"comment_status":"closed","ping_status":"closed","sticky":false,"template":"","format":"standard","meta":{"_acf_changed":false,"footnotes":""},"categories":[6779],"tags":[],"class_list":["post-49552","post","type-post","status-publish","format-standard","has-post-thumbnail","hentry","category-w-prawie-i-mediach"],"acf":[],"_links":{"self":[{"href":"https:\/\/wydawnictwo.ug.edu.pl\/en\/wp-json\/wp\/v2\/posts\/49552","targetHints":{"allow":["GET"]}}],"collection":[{"href":"https:\/\/wydawnictwo.ug.edu.pl\/en\/wp-json\/wp\/v2\/posts"}],"about":[{"href":"https:\/\/wydawnictwo.ug.edu.pl\/en\/wp-json\/wp\/v2\/types\/post"}],"author":[{"embeddable":true,"href":"https:\/\/wydawnictwo.ug.edu.pl\/en\/wp-json\/wp\/v2\/users\/3954"}],"replies":[{"embeddable":true,"href":"https:\/\/wydawnictwo.ug.edu.pl\/en\/wp-json\/wp\/v2\/comments?post=49552"}],"version-history":[{"count":1,"href":"https:\/\/wydawnictwo.ug.edu.pl\/en\/wp-json\/wp\/v2\/posts\/49552\/revisions"}],"predecessor-version":[{"id":49555,"href":"https:\/\/wydawnictwo.ug.edu.pl\/en\/wp-json\/wp\/v2\/posts\/49552\/revisions\/49555"}],"wp:featuredmedia":[{"embeddable":true,"href":"https:\/\/wydawnictwo.ug.edu.pl\/en\/wp-json\/wp\/v2\/media\/44794"}],"wp:attachment":[{"href":"https:\/\/wydawnictwo.ug.edu.pl\/en\/wp-json\/wp\/v2\/media?parent=49552"}],"wp:term":[{"taxonomy":"category","embeddable":true,"href":"https:\/\/wydawnictwo.ug.edu.pl\/en\/wp-json\/wp\/v2\/categories?post=49552"},{"taxonomy":"post_tag","embeddable":true,"href":"https:\/\/wydawnictwo.ug.edu.pl\/en\/wp-json\/wp\/v2\/tags?post=49552"}],"curies":[{"name":"wp","href":"https:\/\/api.w.org\/{rel}","templated":true}]}}