{"id":49483,"date":"2026-04-09T07:25:53","date_gmt":"2026-04-09T07:25:53","guid":{"rendered":"https:\/\/wydawnictwo.ug.edu.pl\/?p=49483"},"modified":"2026-04-14T13:35:36","modified_gmt":"2026-04-14T13:35:36","slug":"milosierdzie-w-prawie-karnym-recenzja-ksiazki-dr-tomasza-snarskiego-w-kwartalniku-znad-wilii","status":"publish","type":"post","link":"https:\/\/wydawnictwo.ug.edu.pl\/en\/milosierdzie-w-prawie-karnym-recenzja-ksiazki-dr-tomasza-snarskiego-w-kwartalniku-znad-wilii\/","title":{"rendered":"\u201eMi\u0142osierdzie w prawie karnym\u2026\u201d \u2013 recenzja ksi\u0105\u017cki dr. Tomasza Snarskiego w kwartalniku \u201eZnad Wilii\u201d"},"content":{"rendered":"<p>W kwartalniku \u201eZnad Wilii\u201d nr 1(105)\/2026, ukaza\u0142a si\u0119 recenzja ksi\u0105\u017cki dr. Tomasza Snarskiego pt. <a href=\"https:\/\/wydawnictwo.ug.edu.pl\/ksiegarnia-online\/prawo-i-administracja\/milosierdzie-w-prawie-karnym-jako-zagadnienie-wspolczesnej-filozofii-prawa\/\"><em>Mi\u0142osierdzie w prawie karnym jako zagadnienie wsp\u00f3\u0142czesnej filozofii prawa<\/em><\/a>. Om\u00f3wienie autorstwa Leonarda Dro\u017cd\u017cewicza mo\u017cna przeczyta\u0107 <a href=\"https:\/\/wydawnictwo.ug.edu.pl\/wp-content\/uploads\/2026\/04\/Milosierdzie-w-prawie-karnym-recenzja-ksiazki-dr.-Tomasza-Snarskiego.pdf\">tutaj<\/a>.<\/p>\n<blockquote><p>Lektura <em>Mi\u0142osierdzia w prawie karnym\u2026<\/em> prowadzi do konstatacji prekursorskiego wprowadzenia przez dra Tomasza Snarskiego do wsp\u00f3\u0142czesnej teorii prawa karnego pog\u0142\u0119bionej analizy kategorii mi\u0142osierdzia jako istotnego elementu aksjologii i filozofii prawa. Autor postuluje, \u017ce prawo karne nie musi opiera\u0107 si\u0119 wy\u0142\u0105cznie na sprawiedliwo\u015bci odwetowej czy resocjalizacji, ale mo\u017ce i powinno uwzgl\u0119dnia\u0107 perspektyw\u0119 mi\u0142osierdzia, traktuje mi\u0142osierdzie jako zagadnienie z pogranicza filozofii prawa, teologii i dogmatyki, kt\u00f3re pozwala na humanistyczne podej\u015bcie do sprawcy i wymiaru kary, prezentuje ide\u0119 prawa karnego z \u201eludzk\u0105 twarz\u0105\u201d, w kt\u00f3rym proces karania jest bod\u017acem do poprawy sprawcy, a nie tylko form\u0105 izolacji czy odwetu.<\/p>\n<p>[&#8230;] Jak czytamy s\u0142owa recenzji, zamieszczone na ok\u0142adce ksi\u0105\u017cki, <em>pogl\u0105dy Autora s\u0105 zajmuj\u0105ce, a spos\u00f3b ich prezentowania zach\u0119ca do podj\u0119cia polemiki <\/em>(prof. Magdalena Budyn-Kulik) [\u2026]. Nawi\u0105zuj\u0105c do wy\u017cej cytowanych s\u0142\u00f3w <em>intelektualnego wyzwania dla uczonych<\/em>, nasuwa si\u0119 nieodparte, uzasadnione przekonanie, \u017ce dzie\u0142o Tomasza Snarskiego jest kamieniem milowym polskiej filozofii prawa, momentem prze\u0142omowym dla wsp\u00f3\u0142czesnej filozofii prawa.<\/p><\/blockquote>\n","protected":false},"excerpt":{"rendered":"<p>W kwartalniku \u201eZnad Wilii\u201d nr 1(105)\/2026, ukaza\u0142a si\u0119 recenzja ksi\u0105\u017cki dr. Tomasza Snarskiego pt. Mi\u0142osierdzie w prawie karnym jako zagadnienie wsp\u00f3\u0142czesnej filozofii prawa. Om\u00f3wienie autorstwa Leonarda Dro\u017cd\u017cewicza mo\u017cna przeczyta\u0107 tutaj. Lektura Mi\u0142osierdzia w prawie karnym\u2026 prowadzi do konstatacji prekursorskiego wprowadzenia przez dra Tomasza Snarskiego do wsp\u00f3\u0142czesnej teorii prawa karnego pog\u0142\u0119bionej analizy kategorii mi\u0142osierdzia jako istotnego [&hellip;]<\/p>\n","protected":false},"author":3954,"featured_media":44794,"comment_status":"closed","ping_status":"closed","sticky":false,"template":"","format":"standard","meta":{"_acf_changed":false,"footnotes":""},"categories":[6779],"tags":[],"class_list":["post-49483","post","type-post","status-publish","format-standard","has-post-thumbnail","hentry","category-w-prawie-i-mediach"],"acf":[],"_links":{"self":[{"href":"https:\/\/wydawnictwo.ug.edu.pl\/en\/wp-json\/wp\/v2\/posts\/49483","targetHints":{"allow":["GET"]}}],"collection":[{"href":"https:\/\/wydawnictwo.ug.edu.pl\/en\/wp-json\/wp\/v2\/posts"}],"about":[{"href":"https:\/\/wydawnictwo.ug.edu.pl\/en\/wp-json\/wp\/v2\/types\/post"}],"author":[{"embeddable":true,"href":"https:\/\/wydawnictwo.ug.edu.pl\/en\/wp-json\/wp\/v2\/users\/3954"}],"replies":[{"embeddable":true,"href":"https:\/\/wydawnictwo.ug.edu.pl\/en\/wp-json\/wp\/v2\/comments?post=49483"}],"version-history":[{"count":4,"href":"https:\/\/wydawnictwo.ug.edu.pl\/en\/wp-json\/wp\/v2\/posts\/49483\/revisions"}],"predecessor-version":[{"id":49554,"href":"https:\/\/wydawnictwo.ug.edu.pl\/en\/wp-json\/wp\/v2\/posts\/49483\/revisions\/49554"}],"wp:featuredmedia":[{"embeddable":true,"href":"https:\/\/wydawnictwo.ug.edu.pl\/en\/wp-json\/wp\/v2\/media\/44794"}],"wp:attachment":[{"href":"https:\/\/wydawnictwo.ug.edu.pl\/en\/wp-json\/wp\/v2\/media?parent=49483"}],"wp:term":[{"taxonomy":"category","embeddable":true,"href":"https:\/\/wydawnictwo.ug.edu.pl\/en\/wp-json\/wp\/v2\/categories?post=49483"},{"taxonomy":"post_tag","embeddable":true,"href":"https:\/\/wydawnictwo.ug.edu.pl\/en\/wp-json\/wp\/v2\/tags?post=49483"}],"curies":[{"name":"wp","href":"https:\/\/api.w.org\/{rel}","templated":true}]}}