{"id":49418,"date":"2026-04-02T08:15:41","date_gmt":"2026-04-02T08:15:41","guid":{"rendered":"https:\/\/wydawnictwo.ug.edu.pl\/?p=49418"},"modified":"2026-04-02T08:16:25","modified_gmt":"2026-04-02T08:16:25","slug":"spotkanie-wokol-ksiazki-dwie-stocznie-piatek-na-historycznym","status":"publish","type":"post","link":"https:\/\/wydawnictwo.ug.edu.pl\/en\/spotkanie-wokol-ksiazki-dwie-stocznie-piatek-na-historycznym\/","title":{"rendered":"\u201ePi\u0105tek na Historycznym\u201d: spotkanie wok\u00f3\u0142 ksi\u0105\u017cki \u201eDwie Stocznie\u201d"},"content":{"rendered":"<p class=\"x_MsoNormal\"><span lang=\"PL\" data-olk-copy-source=\"MessageBody\">Dziekan Wydzia\u0142u Historycznego\u00a0dr hab. Arkadiusz Janicki, prof. UG oraz\u00a0Prodziekan ds. Wsp\u00f3\u0142pracy Mi\u0119dzynarodowej i Rozwoju\u00a0prof.\u00a0dr hab. Anna Mazurkiewicz\u00a0zapraszaj\u0105 na kolejne wydarzenie z cyklu \u201ePi\u0105tek na Historycznym\u201d.<\/span><\/p>\n<p class=\"x_MsoNormal\"><span lang=\"PL\">Ju\u017c\u00a010 kwietnia 2026 r. o\u00a0godz. 11.30\u00a0odb\u0119dzie si\u0119 spotkanie wok\u00f3\u0142\u00a0ksi\u0105\u017cki <a href=\"https:\/\/wydawnictwo.ug.edu.pl\/ksiegarnia-online\/historia\/dwie-stocznie\/\"><em>Dwie Stocznie. Budowa statk\u00f3w od socjalizmu do Unii Europejskiej<\/em><\/a> <\/span><span lang=\"PL\">(Wydawnictwo Uniwersytetu Gda\u0144skiego, Muzeum Miasta Gdyni). Podczas wydarzenia o ksi\u0105\u017cce opowiedz\u0105 go\u015bcie, dwaj z grona sze\u015bciu autor\u00f3w: Prof. Ulf Brunnbauer z Uniwersytetu w Ratyzbonie oraz dr Piotr Filipkowski z Instytutu Filozofii i Socjologii Polskiej Akademii Nauk. Spotkanie poprowadzi dr Marta Grzechnik z Instytutu Skandynawistyki i Fennistyki UG.<\/span><\/p>\n<p><span lang=\"PL\">Partnerami wydarzenia s\u0105 International Border Studies Center UG, a tak\u017ce Wydawnictwo Uniwersytetu Gda\u0144skiego.<\/span><\/p>\n<p>&nbsp;<\/p>\n","protected":false},"excerpt":{"rendered":"<p>Dziekan Wydzia\u0142u Historycznego\u00a0dr hab. Arkadiusz Janicki, prof. UG oraz\u00a0Prodziekan ds. Wsp\u00f3\u0142pracy Mi\u0119dzynarodowej i Rozwoju\u00a0prof.\u00a0dr hab. Anna Mazurkiewicz\u00a0zapraszaj\u0105 na kolejne wydarzenie z cyklu \u201ePi\u0105tek na Historycznym\u201d. Ju\u017c\u00a010 kwietnia 2026 r. o\u00a0godz. 11.30\u00a0odb\u0119dzie si\u0119 spotkanie wok\u00f3\u0142\u00a0ksi\u0105\u017cki Dwie Stocznie. Budowa statk\u00f3w od socjalizmu do Unii Europejskiej (Wydawnictwo Uniwersytetu Gda\u0144skiego, Muzeum Miasta Gdyni). Podczas wydarzenia o ksi\u0105\u017cce opowiedz\u0105 go\u015bcie, [&hellip;]<\/p>\n","protected":false},"author":3954,"featured_media":43916,"comment_status":"closed","ping_status":"closed","sticky":false,"template":"","format":"standard","meta":{"_acf_changed":false,"footnotes":""},"categories":[1,6666],"tags":[],"class_list":["post-49418","post","type-post","status-publish","format-standard","has-post-thumbnail","hentry","category-aktualnosci","category-wydarzenia"],"acf":[],"_links":{"self":[{"href":"https:\/\/wydawnictwo.ug.edu.pl\/en\/wp-json\/wp\/v2\/posts\/49418","targetHints":{"allow":["GET"]}}],"collection":[{"href":"https:\/\/wydawnictwo.ug.edu.pl\/en\/wp-json\/wp\/v2\/posts"}],"about":[{"href":"https:\/\/wydawnictwo.ug.edu.pl\/en\/wp-json\/wp\/v2\/types\/post"}],"author":[{"embeddable":true,"href":"https:\/\/wydawnictwo.ug.edu.pl\/en\/wp-json\/wp\/v2\/users\/3954"}],"replies":[{"embeddable":true,"href":"https:\/\/wydawnictwo.ug.edu.pl\/en\/wp-json\/wp\/v2\/comments?post=49418"}],"version-history":[{"count":3,"href":"https:\/\/wydawnictwo.ug.edu.pl\/en\/wp-json\/wp\/v2\/posts\/49418\/revisions"}],"predecessor-version":[{"id":49424,"href":"https:\/\/wydawnictwo.ug.edu.pl\/en\/wp-json\/wp\/v2\/posts\/49418\/revisions\/49424"}],"wp:featuredmedia":[{"embeddable":true,"href":"https:\/\/wydawnictwo.ug.edu.pl\/en\/wp-json\/wp\/v2\/media\/43916"}],"wp:attachment":[{"href":"https:\/\/wydawnictwo.ug.edu.pl\/en\/wp-json\/wp\/v2\/media?parent=49418"}],"wp:term":[{"taxonomy":"category","embeddable":true,"href":"https:\/\/wydawnictwo.ug.edu.pl\/en\/wp-json\/wp\/v2\/categories?post=49418"},{"taxonomy":"post_tag","embeddable":true,"href":"https:\/\/wydawnictwo.ug.edu.pl\/en\/wp-json\/wp\/v2\/tags?post=49418"}],"curies":[{"name":"wp","href":"https:\/\/api.w.org\/{rel}","templated":true}]}}