{"id":49328,"date":"2026-04-01T06:30:18","date_gmt":"2026-04-01T06:30:18","guid":{"rendered":"https:\/\/wydawnictwo.ug.edu.pl\/?p=49328"},"modified":"2026-04-01T08:00:49","modified_gmt":"2026-04-01T08:00:49","slug":"relacja-ze-spotkania-z-adw-dr-tomaszem-snarskim-wokol-ksiazki-milosierdzie-w-prawie-karnym","status":"publish","type":"post","link":"https:\/\/wydawnictwo.ug.edu.pl\/en\/relacja-ze-spotkania-z-adw-dr-tomaszem-snarskim-wokol-ksiazki-milosierdzie-w-prawie-karnym\/","title":{"rendered":"Relacja ze spotkania z adw. dr. Tomaszem Snarskim wok\u00f3\u0142 ksi\u0105\u017cki \u201eMi\u0142osierdzie w prawie karnym\u2026\u201d"},"content":{"rendered":"<p data-start=\"0\" data-end=\"433\">31 marca 2026 r. w Ksi\u0119garni Uniwersyteckiej na Wydziale Nauk Spo\u0142ecznych <span class=\"hover:entity-accent entity-underline inline cursor-pointer align-baseline\"><span class=\"whitespace-normal\">Uniwersytetu Gda\u0144skiego <\/span><\/span>odby\u0142o si\u0119 spotkanie wok\u00f3\u0142 ksi\u0105\u017cki adw. dr. Tomasza Snarskiego pt. <a href=\"https:\/\/wydawnictwo.ug.edu.pl\/ksiegarnia-online\/prawo-i-administracja\/milosierdzie-w-prawie-karnym-jako-zagadnienie-wspolczesnej-filozofii-prawa\/\"><em data-start=\"147\" data-end=\"223\">Mi\u0142osierdzie w prawie karnym jako zagadnienie wsp\u00f3\u0142czesnej filozofii prawa<\/em><\/a>. Wydarzenie, zorganizowane przez Wydzia\u0142 Prawa i Administracji oraz Wydawnictwo Uniwersytetu Gda\u0144skiego, zgromadzi\u0142o osoby zainteresowane refleksj\u0105 nad dogmatycznoprawnymi aspektami mi\u0142osierdzia i jego znaczenia we wsp\u00f3\u0142czesnej nauce prawa karnego.<\/p>\n<p data-start=\"435\" data-end=\"743\" data-is-last-node=\"\" data-is-only-node=\"\"><span data-olk-copy-source=\"MessageBody\">Rozmow\u0119\u00a0poprowadzi\u0142 pan adw. Dariusz Strzelecki, dziekan Okr\u0119gowej Rady Adwokackiej w Gda\u0144sku.<\/span><\/p>\n<p data-start=\"435\" data-end=\"743\" data-is-last-node=\"\" data-is-only-node=\"\">Autor zdj\u0119\u0107: Rafa\u0142 Kr\u00f3l<\/p>\n","protected":false},"excerpt":{"rendered":"<p>31 marca 2026 r. w Ksi\u0119garni Uniwersyteckiej na Wydziale Nauk Spo\u0142ecznych Uniwersytetu Gda\u0144skiego odby\u0142o si\u0119 spotkanie wok\u00f3\u0142 ksi\u0105\u017cki adw. dr. Tomasza Snarskiego pt. Mi\u0142osierdzie w prawie karnym jako zagadnienie wsp\u00f3\u0142czesnej filozofii prawa. Wydarzenie, zorganizowane przez Wydzia\u0142 Prawa i Administracji oraz Wydawnictwo Uniwersytetu Gda\u0144skiego, zgromadzi\u0142o osoby zainteresowane refleksj\u0105 nad dogmatycznoprawnymi aspektami mi\u0142osierdzia i jego znaczenia we [&hellip;]<\/p>\n","protected":false},"author":3954,"featured_media":49337,"comment_status":"closed","ping_status":"closed","sticky":false,"template":"","format":"standard","meta":{"_acf_changed":false,"footnotes":""},"categories":[1,6793],"tags":[],"class_list":["post-49328","post","type-post","status-publish","format-standard","has-post-thumbnail","hentry","category-aktualnosci","category-galerie"],"acf":[],"_links":{"self":[{"href":"https:\/\/wydawnictwo.ug.edu.pl\/en\/wp-json\/wp\/v2\/posts\/49328","targetHints":{"allow":["GET"]}}],"collection":[{"href":"https:\/\/wydawnictwo.ug.edu.pl\/en\/wp-json\/wp\/v2\/posts"}],"about":[{"href":"https:\/\/wydawnictwo.ug.edu.pl\/en\/wp-json\/wp\/v2\/types\/post"}],"author":[{"embeddable":true,"href":"https:\/\/wydawnictwo.ug.edu.pl\/en\/wp-json\/wp\/v2\/users\/3954"}],"replies":[{"embeddable":true,"href":"https:\/\/wydawnictwo.ug.edu.pl\/en\/wp-json\/wp\/v2\/comments?post=49328"}],"version-history":[{"count":3,"href":"https:\/\/wydawnictwo.ug.edu.pl\/en\/wp-json\/wp\/v2\/posts\/49328\/revisions"}],"predecessor-version":[{"id":49353,"href":"https:\/\/wydawnictwo.ug.edu.pl\/en\/wp-json\/wp\/v2\/posts\/49328\/revisions\/49353"}],"wp:featuredmedia":[{"embeddable":true,"href":"https:\/\/wydawnictwo.ug.edu.pl\/en\/wp-json\/wp\/v2\/media\/49337"}],"wp:attachment":[{"href":"https:\/\/wydawnictwo.ug.edu.pl\/en\/wp-json\/wp\/v2\/media?parent=49328"}],"wp:term":[{"taxonomy":"category","embeddable":true,"href":"https:\/\/wydawnictwo.ug.edu.pl\/en\/wp-json\/wp\/v2\/categories?post=49328"},{"taxonomy":"post_tag","embeddable":true,"href":"https:\/\/wydawnictwo.ug.edu.pl\/en\/wp-json\/wp\/v2\/tags?post=49328"}],"curies":[{"name":"wp","href":"https:\/\/api.w.org\/{rel}","templated":true}]}}