{"id":49154,"date":"2026-03-03T10:15:44","date_gmt":"2026-03-03T10:15:44","guid":{"rendered":"https:\/\/wydawnictwo.ug.edu.pl\/?p=49154"},"modified":"2026-03-03T10:55:09","modified_gmt":"2026-03-03T10:55:09","slug":"spotkanie-z-adw-dr-tomaszem-snarskim-wokol-ksiazki-milosierdzie-w-prawie-karnym","status":"publish","type":"post","link":"https:\/\/wydawnictwo.ug.edu.pl\/en\/spotkanie-z-adw-dr-tomaszem-snarskim-wokol-ksiazki-milosierdzie-w-prawie-karnym\/","title":{"rendered":"Spotkanie z adw. dr. Tomaszem Snarskim wok\u00f3\u0142 ksi\u0105\u017cki \u201eMi\u0142osierdzie w prawie karnym&#8230;\u201d"},"content":{"rendered":"<p>Wydzia\u0142 Prawa i Administracji Uniwersytetu Gda\u0144skiego oraz Wydawnictwo Uniwersytetu Gda\u0144skiego zapraszaj\u0105 na spotkanie z adw. dr. Tomaszem Snarskim wok\u00f3\u0142 ksi\u0105\u017cki <strong><a href=\"https:\/\/wydawnictwo.ug.edu.pl\/en\/ksiegarnia-online\/filozofia\/milosierdzie-w-prawie-karnym-jako-zagadnienie-wspolczesnej-filozofii-prawa\/\"><em>Mi\u0142osierdzie w prawie karnym jako zagadnienie wsp\u00f3\u0142czesnej filozofii prawa<\/em><\/a><\/strong>.<\/p>\n<p>Spotkanie odb\u0119dzie si\u0119 31 marca 2026 r. o godz. 17.30 w Ksi\u0119garni Uniwersyteckiej na Wydziale Nauk Spo\u0142ecznych Uniwersytetu Gda\u0144skiego.<\/p>\n<p>Rozmow\u0119 z autorem poprowadzi adw. Dariusz Strzelecki, Dziekan Okr\u0119gowej Rady Adwokackiej w Gda\u0144sku.<\/p>\n<p>W trakcie wydarzenia b\u0119dzie mo\u017cna naby\u0107 ksi\u0105\u017ck\u0119.<\/p>\n<p><em>Mi\u0142osierdzie w prawie karnym jako zagadnienie wsp\u00f3\u0142czesnej filozofii prawa<\/em> to studium wsp\u00f3\u0142czesnej filozofii i dogmatyki prawa karnego po\u015bwi\u0119cone zagadnieniu mi\u0142osierdzia w prawie karnym. Tomasz Snarski bada filozoficzne i dogmatycznoprawne aspekty mi\u0142osierdzia i jego znaczenia we wsp\u00f3\u0142czesnej nauce prawa karnego.<\/p>\n<p>Badania przeprowadzone na potrzeby niniejszej pracy pozwoli\u0142y na sformu\u0142owanie autorskich koncepcji dotycz\u0105cych mi\u0142osierdzia w prawie karnym, a tak\u017ce postulat\u00f3w o charakterze dogmatycznym (zar\u00f3wno <em>de lege lata<\/em>, jak i <em>de lege ferenda<\/em>) oraz wniosk\u00f3w filozoficznoprawnych odnosz\u0105cych si\u0119 do roli mi\u0142osierdzia w prawie karnym.<\/p>\n<p><strong>Tomasz Snarski<\/strong> \u2013 Doktor nauk prawnych, prawnik i filozof, adwokat, adiunkt w Katedrze Prawa Karnego Materialnego i Kryminologii Wydzia\u0142u Prawa i Administracji Uniwersytetu Gda\u0144skiego; autor monografii i artyku\u0142\u00f3w naukowych z zakresu prawa karnego, filozofii prawa oraz praw cz\u0142owieka, a tak\u017ce trzech tom\u00f3w poezji. Dzia\u0142acz na rzecz praw j\u0119zykowych mniejszo\u015bci polskiej na Litwie oraz polsko-litewskiej oraz polsko-w\u0142oskiej wsp\u00f3\u0142pracy naukowej i kulturalnej.<\/p>\n","protected":false},"excerpt":{"rendered":"<p>Wydzia\u0142 Prawa i Administracji Uniwersytetu Gda\u0144skiego oraz Wydawnictwo Uniwersytetu Gda\u0144skiego zapraszaj\u0105 na spotkanie z adw. dr. Tomaszem Snarskim wok\u00f3\u0142 ksi\u0105\u017cki Mi\u0142osierdzie w prawie karnym jako zagadnienie wsp\u00f3\u0142czesnej filozofii prawa. Spotkanie odb\u0119dzie si\u0119 31 marca 2026 r. o godz. 17.30 w Ksi\u0119garni Uniwersyteckiej na Wydziale Nauk Spo\u0142ecznych Uniwersytetu Gda\u0144skiego. Rozmow\u0119 z autorem poprowadzi adw. Dariusz Strzelecki, [&hellip;]<\/p>\n","protected":false},"author":3954,"featured_media":44794,"comment_status":"closed","ping_status":"closed","sticky":false,"template":"","format":"standard","meta":{"_acf_changed":false,"footnotes":""},"categories":[1,6666],"tags":[],"class_list":["post-49154","post","type-post","status-publish","format-standard","has-post-thumbnail","hentry","category-aktualnosci","category-wydarzenia"],"acf":[],"_links":{"self":[{"href":"https:\/\/wydawnictwo.ug.edu.pl\/en\/wp-json\/wp\/v2\/posts\/49154","targetHints":{"allow":["GET"]}}],"collection":[{"href":"https:\/\/wydawnictwo.ug.edu.pl\/en\/wp-json\/wp\/v2\/posts"}],"about":[{"href":"https:\/\/wydawnictwo.ug.edu.pl\/en\/wp-json\/wp\/v2\/types\/post"}],"author":[{"embeddable":true,"href":"https:\/\/wydawnictwo.ug.edu.pl\/en\/wp-json\/wp\/v2\/users\/3954"}],"replies":[{"embeddable":true,"href":"https:\/\/wydawnictwo.ug.edu.pl\/en\/wp-json\/wp\/v2\/comments?post=49154"}],"version-history":[{"count":3,"href":"https:\/\/wydawnictwo.ug.edu.pl\/en\/wp-json\/wp\/v2\/posts\/49154\/revisions"}],"predecessor-version":[{"id":49158,"href":"https:\/\/wydawnictwo.ug.edu.pl\/en\/wp-json\/wp\/v2\/posts\/49154\/revisions\/49158"}],"wp:featuredmedia":[{"embeddable":true,"href":"https:\/\/wydawnictwo.ug.edu.pl\/en\/wp-json\/wp\/v2\/media\/44794"}],"wp:attachment":[{"href":"https:\/\/wydawnictwo.ug.edu.pl\/en\/wp-json\/wp\/v2\/media?parent=49154"}],"wp:term":[{"taxonomy":"category","embeddable":true,"href":"https:\/\/wydawnictwo.ug.edu.pl\/en\/wp-json\/wp\/v2\/categories?post=49154"},{"taxonomy":"post_tag","embeddable":true,"href":"https:\/\/wydawnictwo.ug.edu.pl\/en\/wp-json\/wp\/v2\/tags?post=49154"}],"curies":[{"name":"wp","href":"https:\/\/api.w.org\/{rel}","templated":true}]}}