{"id":48928,"date":"2026-02-24T09:07:10","date_gmt":"2026-02-24T09:07:10","guid":{"rendered":"https:\/\/wydawnictwo.ug.edu.pl\/?p=48928"},"modified":"2026-02-24T11:15:33","modified_gmt":"2026-02-24T11:15:33","slug":"promocja-ksiazki-rzemioslo-miejskie-w-malborku-do-1626-roku","status":"publish","type":"post","link":"https:\/\/wydawnictwo.ug.edu.pl\/en\/promocja-ksiazki-rzemioslo-miejskie-w-malborku-do-1626-roku\/","title":{"rendered":"Promocja ksi\u0105\u017cki \u201eRzemios\u0142o miejskie w Malborku do 1626 roku\u201d"},"content":{"rendered":"<p>Zapraszamy na promocj\u0119 ksi\u0105\u017cki dr Aleksandry Girsztowt-Biskup <a href=\"https:\/\/wydawnictwo.ug.edu.pl\/ksiegarnia-online\/historia\/rzemioslo-miejskie-w-malborku-do-1626-roku\/\"><em>Rzemios\u0142o miejskie w Malborku do 1626 roku<\/em><\/a>, kt\u00f3ra odb\u0119dzie si\u0119 5 marca godz. 17.00 w Muzeum Miasta Malborka.<\/p>\n<p>Autorka przedstawia dzieje rzemios\u0142a malborskiego od pocz\u0105tku istnienia miasta do 1626 r. Na podstawie zachowanych \u017ar\u00f3de\u0142 ukazuje struktur\u0119 i funkcjonowanie cech\u00f3w w \u015bredniowieczu oraz w okresie wczesnonowo\u017cytnym, z uwzgl\u0119dnieniem ich funkcji zawodowych, spo\u0142ecznych i duchowych. Przedstawia tak\u017ce relacje mi\u0119dzy rzemios\u0142em miejskim a zamkiem w okresie krzy\u017cackim i po przej\u015bciu Malborka pod panowanie polskie.<\/p>\n<div class=\"x14z9mp xat24cr x1lziwak x1vvkbs xtlvy1s\">Aleksandra Girsztowt-Biskup \u2013 doktor nauk humanistycznych w zakresie historii, adiunkt w Zak\u0142adzie Historii Powszechnej \u015aredniowiecza Instytutu Historii Uniwersytetu Gda\u0144skiego. Autorka i wsp\u00f3\u0142autorka licznych artyku\u0142\u00f3w opublikowanych w polskich i zagranicznych wydawnictwach, wsp\u00f3\u0142autorka monografii <em>Urz\u0119dnicy miejscy Malborka do 1772 r. Spisy<\/em> (Gda\u0144sk 2021; Wies\u0142aw D\u0142ugok\u0119cki). Kierowniczka grantu NCN Miniatura Miasta Nowej Marchii pod panowaniem zakonu krzy\u017cackiego (2023-2024), stypendystka Stiftung Preu\u00dfischer Kulturbesitz (2021).<\/div>\n","protected":false},"excerpt":{"rendered":"<p>Zapraszamy na promocj\u0119 ksi\u0105\u017cki dr Aleksandry Girsztowt-Biskup Rzemios\u0142o miejskie w Malborku do 1626 roku, kt\u00f3ra odb\u0119dzie si\u0119 5 marca godz. 17.00 w Muzeum Miasta Malborka. Autorka przedstawia dzieje rzemios\u0142a malborskiego od pocz\u0105tku istnienia miasta do 1626 r. Na podstawie zachowanych \u017ar\u00f3de\u0142 ukazuje struktur\u0119 i funkcjonowanie cech\u00f3w w \u015bredniowieczu oraz w okresie wczesnonowo\u017cytnym, z uwzgl\u0119dnieniem ich [&hellip;]<\/p>\n","protected":false},"author":3954,"featured_media":44406,"comment_status":"closed","ping_status":"closed","sticky":false,"template":"","format":"standard","meta":{"_acf_changed":false,"footnotes":""},"categories":[1,6666],"tags":[],"class_list":["post-48928","post","type-post","status-publish","format-standard","has-post-thumbnail","hentry","category-aktualnosci","category-wydarzenia"],"acf":[],"_links":{"self":[{"href":"https:\/\/wydawnictwo.ug.edu.pl\/en\/wp-json\/wp\/v2\/posts\/48928","targetHints":{"allow":["GET"]}}],"collection":[{"href":"https:\/\/wydawnictwo.ug.edu.pl\/en\/wp-json\/wp\/v2\/posts"}],"about":[{"href":"https:\/\/wydawnictwo.ug.edu.pl\/en\/wp-json\/wp\/v2\/types\/post"}],"author":[{"embeddable":true,"href":"https:\/\/wydawnictwo.ug.edu.pl\/en\/wp-json\/wp\/v2\/users\/3954"}],"replies":[{"embeddable":true,"href":"https:\/\/wydawnictwo.ug.edu.pl\/en\/wp-json\/wp\/v2\/comments?post=48928"}],"version-history":[{"count":2,"href":"https:\/\/wydawnictwo.ug.edu.pl\/en\/wp-json\/wp\/v2\/posts\/48928\/revisions"}],"predecessor-version":[{"id":48933,"href":"https:\/\/wydawnictwo.ug.edu.pl\/en\/wp-json\/wp\/v2\/posts\/48928\/revisions\/48933"}],"wp:featuredmedia":[{"embeddable":true,"href":"https:\/\/wydawnictwo.ug.edu.pl\/en\/wp-json\/wp\/v2\/media\/44406"}],"wp:attachment":[{"href":"https:\/\/wydawnictwo.ug.edu.pl\/en\/wp-json\/wp\/v2\/media?parent=48928"}],"wp:term":[{"taxonomy":"category","embeddable":true,"href":"https:\/\/wydawnictwo.ug.edu.pl\/en\/wp-json\/wp\/v2\/categories?post=48928"},{"taxonomy":"post_tag","embeddable":true,"href":"https:\/\/wydawnictwo.ug.edu.pl\/en\/wp-json\/wp\/v2\/tags?post=48928"}],"curies":[{"name":"wp","href":"https:\/\/api.w.org\/{rel}","templated":true}]}}