{"id":44770,"date":"2026-01-13T14:03:40","date_gmt":"2026-01-13T14:03:40","guid":{"rendered":"https:\/\/wydawnictwo.ug.edu.pl\/?p=44770"},"modified":"2026-01-21T12:40:29","modified_gmt":"2026-01-21T12:40:29","slug":"podsumowanie-roku-2025-w-wydawnictwie-uniwersytetu-gdanskiego","status":"publish","type":"post","link":"https:\/\/wydawnictwo.ug.edu.pl\/en\/podsumowanie-roku-2025-w-wydawnictwie-uniwersytetu-gdanskiego\/","title":{"rendered":"Podsumowanie roku 2025 w Wydawnictwie Uniwersytetu Gda\u0144skiego"},"content":{"rendered":"<p><strong>Rok 2025 min\u0105\u0142 w Wydawnictwie Uniwersytetu Gda\u0144skiego pod znakiem intensywnej pracy wydawniczej, promocji ksi\u0105\u017cek oraz organizacji wydarze\u0144 naukowych i kulturalnych. Wsp\u00f3\u0142praca z licznymi instytucjami zaowocowa\u0142a publikacjami, wystawami, festiwalami i konferencjami. Jak co roku towarzyszyli\u015bmy naszym autorom na wszystkich etapach pracy nad ksi\u0105\u017ck\u0105 \u2013 od redakcji po promocj\u0119, z satysfakcj\u0105 obserwuj\u0105c ich sukcesy.<\/strong><\/p>\n<h2><strong>Nagrody<\/strong><\/h2>\n<h5><strong>Wyr\u00f3\u017cnienie dla ksi\u0105\u017cki dr Agnieszki Platy w konkursie \u201eGaudeamus \u2013 nagroda SWSW\u201d<\/strong><\/h5>\n<p>Ksi\u0105\u017cka dr Agnieszki Platy <em>Sp\u00f3r o zbiory Muzeum Brytyjskiego jako trudny przypadek w prawie<\/em> otrzyma\u0142a wyr\u00f3\u017cnienie w konkursie Gaudeamus \u2013 Nagroda SWSW 2025 maj\u0105cej na celu promowanie oraz wyr\u00f3\u017cnianie uczelnianych oficyn wydawniczych za publikowanie najbardziej warto\u015bciowych polskich ksi\u0105\u017cek naukowych i dydaktycznych.<\/p>\n<h2><strong>Konkurs Wydawnictwa Uniwersytetu Gda\u0144skiego<\/strong><\/h2>\n<p>Kolegium Redakcyjne Wydawnictwa Uniwersytetu Gda\u0144skiego wskaza\u0142o zwyci\u0119zc\u00f3w XI i XII edycji Konkursu Wydawnictwa Uniwersytetu Gda\u0144skiego na najlepsz\u0105 ksi\u0105\u017ck\u0119 naukow\u0105, dydaktyczn\u0105 oraz przedstawiaj\u0105c\u0105 rezultaty pracy doktorskiej.<\/p>\n<h5><strong>Edycja XI (ksi\u0105\u017cki wydane w 2023 roku)<\/strong><\/h5>\n<p><strong>Najlepsza ksi\u0105\u017cka naukowa:<\/strong><\/p>\n<ul>\n<li>I miejsce: Piotr Sam\u00f3l, <em>Ko\u015bci\u00f3\u0142 \u015bw. Andrzeja w Barczewie.<\/em><\/li>\n<\/ul>\n<p><strong>Najlepsza ksi\u0105\u017cka dydaktyczna:<\/strong><\/p>\n<ul>\n<li>I miejsce: <em>Wst\u0119p do prawoznawstwa<\/em>, red. Jerzy Zajad\u0142o, Kamil Zeidler,<\/li>\n<li>II miejsce: <em>Fizykochemiczne badania w\u00f3d naturalnych \u2013 przewodnik do \u0107wicze\u0144 laboratoryjnych<\/em>, red. Aleksandra Brodecka-Goluch.<\/li>\n<\/ul>\n<p><strong>Najlepsza ksi\u0105\u017cka przedstawiaj\u0105ca rezultaty pracy doktorskiej:<\/strong><\/p>\n<ul>\n<li>I miejsce: Piotr Lasik, <em>W\u0142asno\u015b\u0107 powiernicza d\u00f3br kultury jako element nowego modelu zarz\u0105dzania dziedzictwem kultury,<\/em><\/li>\n<li>II miejsce: Dariusz Piotrowiak, O<em>djemek od \u201eHerb\u00f3w szlacheckich\u201d Wac\u0142awa Potockiego. Pr\u00f3ba monografii oraz komentowana edycja krytyczna,<\/em><\/li>\n<li>III miejsce: Hanna Po\u0142omska, <em>\u201eWszystko od s\u0142\u00f3w zale\u017cy\u201d. Stylizacja j\u0119zykowa a przek\u0142ad: francuskie i hiszpa\u0144skie t\u0142umaczenie \u201eTraktatu o \u0142uskaniu fasoli\u201d Wies\u0142awa My\u015bliwskiego.<\/em><\/li>\n<\/ul>\n<h3><strong>Edycja XII (ksi\u0105\u017cki wydane w 2024 roku)<\/strong><\/h3>\n<p><strong>Najlepsza ksi\u0105\u017cka naukowa:<\/strong><\/p>\n<ul>\n<li>I miejsce: <em>Przedwio\u015bnie ery sztucznej inteligencji. Technologia \u2013 zarz\u0105dzanie \u2013 prawo<\/em>, t. 1:<em> Czy algorytmy uratuj\u0105 nasz\u0105 planet\u0119?<\/em>, t. 2: <em>Czy algorytmy po\u0142\u0105cz\u0105 Bibli\u0119 z komputerem?<\/em>, red. Edmund Wittbrodt, Zdzis\u0142aw Brodecki, Marta Dargas-Draganik,<\/li>\n<li>II miejsce: Hanna Dymel-Trzebiatowska,<em> Przechadzki po Dolinie Mumink\u00f3w. Perspektywa filozoficzno-literacka,<\/em><\/li>\n<li>III miejsce: Miros\u0142aw Szreder, Arkadiusz Koz\u0142owski, <em>Wnioskowanie na podstawie pr\u00f3b losowych i nielosowych.<\/em><\/li>\n<\/ul>\n<p><strong>Najlepsza ksi\u0105\u017cka dydaktyczna:<\/strong><\/p>\n<ul>\n<li>I miejsce: <em>Zanim zapytasz Google\u2019a. 15 lekcji \u015bwiadomego obywatela<\/em>, red. Anna Podolska, Olga \u015aniadach.<\/li>\n<\/ul>\n<p><strong>Najlepsza ksi\u0105\u017cka przedstawiaj\u0105ca rezultaty pracy doktorskiej:<\/strong><\/p>\n<ul>\n<li>I miejsce: Karol Gregorczuk,<em> Biobankowanie ludzkiego materia\u0142u biologicznego: sp\u00f3r o model racjonalnego prawa w badaniach biomedycznych,<\/em><\/li>\n<li>II miejsce: Liwia Deli\u0144ska, <em>Rynek imprez biegowych. Uczestnicy \u2013 do\u015bwiadczenia \u2013 technologia.<\/em><\/li>\n<\/ul>\n<h3 style=\"text-align: left;\"><strong>Wybrane wydarzenia<\/strong><\/h3>\n<h5 style=\"text-align: left;\"><strong>Premiera <em>Atlasu Historycznego Gda\u0144ska<\/em><\/strong><\/h5>\n<p style=\"text-align: left;\">13 lutego w Ratuszu G\u0142\u00f3wnego Miasta zaprezentowano<em> Atlas Historyczny Gda\u0144ska<\/em> pod redakcj\u0105 prof. Wies\u0142awa D\u0142ugok\u0119ckiego \u2013 dziewi\u0105ty zeszyt serii Atlas Historyczny Miast Polskich, przedstawiaj\u0105cy rozw\u00f3j przestrzenno-funkcjonalny Gda\u0144ska od \u015bredniowiecza do XX wieku.<\/p>\n<p style=\"text-align: left;\">W premierze tej wyj\u0105tkowej publikacji udzia\u0142 wzi\u0119li m.in. prof. Piotr Stepnowski \u2013 rektor Uniwersytetu Gda\u0144skiego, prof. Roman Czaja \u2013 redaktor serii, redaktor naukowy atlasu prof. Wies\u0142aw D\u0142ugok\u0119cki, architekt miasta Gda\u0144ska prof. Piotr Lorens, a tak\u017ce wsp\u00f3\u0142autorzy: prof. Henryk Paner, dr Zofia Maciakowska, Zbigniew Polak, prof. Grzegorz Bukal i Tomasz B\u0142yskosz.<\/p>\n<h5 style=\"text-align: left;\"><strong>Pierwsza edycja Minitarg\u00f3w \u201eNa Fali\u201d w BUG<\/strong><\/h5>\n<p style=\"text-align: left;\">12 marca w Bibliotece G\u0142\u00f3wnej Uniwersytetu Gda\u0144skiego mia\u0142a miejsce pierwsza edycja organizowanych przez BUG Minitarg\u00f3w Ksi\u0105\u017cki \u201eNa Fali\u201d. Wydawnictwo Uniwersytetu Gda\u0144skiego prezentowa\u0142o swoj\u0105 ofert\u0119 po\u015br\u00f3d takich wydawnictw jak: Cz\u0119\u015bci Proste, s\u0142owo\/obraz terytoria, Smak S\u0142owa, Nadba\u0142tyckie Centrum Kultury, Akademia Sztuk Pi\u0119knych w Gda\u0144sku, Wydawnictwo Region, czy Zrzeszenie Kaszubsko-Pomorskie.<\/p>\n<h5 style=\"text-align: left;\"><strong>\u201eAre \u2013 Komorebi\u201d, czyli wystawa fotografii Przemys\u0142awa Rybi\u0144skiego<\/strong><\/h5>\n<p style=\"text-align: left;\">22 maja w Galerii Palarnia na Wydziale Prawa i Administracji UG mia\u0142 miejsce wernisa\u017c wystawy fotografii Przemys\u0142awa Rybi\u0144skiego pod tytu\u0142em \u201eAre \u2013 Komorebi\u201d. Na wystawie zaprezentowano zdj\u0119cia wykonane podczas wizyty w Tokio i Fukuoce, odbywaj\u0105cej si\u0119 w ramach udzia\u0142u naukowc\u00f3w z Uniwersytetu Gda\u0144skiego w wydarzeniach naukowych i kulturalnych towarzysz\u0105cych Wystawie \u015awiatowej EXPO w Osace. Ekspozycja stanowi\u0142a cz\u0119\u015b\u0107 II edycji Festiwalu Kultury Azjatyckiej NORIFEST organizowanego na Uniwersytecie Gda\u0144skim.<\/p>\n<h5 style=\"text-align: left;\"><strong>Wydawnictwo UG gospodarzem <\/strong><strong>XXIX Konferencji Stowarzyszenia Wydawc\u00f3w Szk\u00f3\u0142 Wy\u017cszych<\/strong><\/h5>\n<p style=\"text-align: left;\">W dniach 10-13 czerwca w Bibliotece G\u0142\u00f3wnej Uniwersytetu Gda\u0144skiego odby\u0142a si\u0119 XXIX Konferencja Stowarzyszenia Wydawc\u00f3w Szk\u00f3\u0142 Wy\u017cszych zatytu\u0142owana \u201eWydawnictwa w dobie sztucznej inteligencji, dost\u0119pno\u015bci cyfrowej i transformacji j\u0119zyka\u201d. Wsp\u00f3\u0142organizatorem wydarzenia by\u0142o SWSW, a gospodarzem \u2013 Wydawnictwo Uniwersytetu Gda\u0144skiego.<\/p>\n<h5 style=\"text-align: left;\"><strong>Spotkanie z prof. Piotrem \u015al\u0119zakiem w Muzeum \u0141azienki Kr\u00f3lewskie<\/strong><\/h5>\n<p style=\"text-align: left;\">16 czerwca w Muzeum \u0141azienki Kr\u00f3lewskie w Warszawie odby\u0142o si\u0119 spotkanie z prof. Piotrem \u015al\u0119zakiem, autorem ksi\u0105\u017cki <em>Utw\u00f3r konserwatorski w polskim prawie autorskim<\/em>, uhonorowanej tytu\u0142em Ksi\u0105\u017cka Roku 2024 przez Zarz\u0105d G\u0142\u00f3wny Stowarzyszenia Konserwator\u00f3w Zabytk\u00f3w. By\u0142a to zar\u00f3wno promocja publikacji, jak i okazja do dyskusji na temat mo\u017cliwo\u015bci obj\u0119cia dzia\u0142a\u0144 konserwatorskich ochron\u0105 prawa autorskiego.<\/p>\n<h5 style=\"text-align: left;\"><strong>Promocja ksi\u0105\u017cki jubileuszowej <em>Rektorzy i prorektorzy w 55-leciu Uniwersytetu Gda\u0144skiego<\/em><\/strong><\/h5>\n<p style=\"text-align: left;\">10 pa\u017adziernika w Bibliotece G\u0142\u00f3wnej Uniwersytetu Gda\u0144skiego odby\u0142a si\u0119 uroczysta promocja ksi\u0105\u017cki jubileuszowej pt. <em>Rektorzy i prorektorzy w 55-leciu Uniwersytetu Gda\u0144skiego<\/em> pod redakcj\u0105 prof. Jerzego B\u0142a\u017cejowskiego, w kt\u00f3rej wzi\u0119li udzia\u0142 byli rektorzy i prorektorzy oraz obecnie pe\u0142ni\u0105cy te funkcj\u0119, w tym rektor UG, prof. Piotr Stepnowski. By\u0142a to okazja do rozmowy o tym, jak zmienia\u0142 si\u0119 Uniwersytet na przestrzeni lat, a tak\u017ce o kolejnych mo\u017cliwo\u015bciach rozwoju.<\/p>\n<h5 style=\"text-align: left;\"><strong>III Kongres Konserwator\u00f3w Polskich<\/strong><\/h5>\n<p style=\"text-align: left;\">W dniach 14\u201316 pa\u017adziernika w Krakowie odby\u0142 si\u0119 III Kongres Konserwator\u00f3w Polskich \u2013 najwa\u017cniejsze, cykliczne wydarzenie skupiaj\u0105ce ekspert\u00f3w, praktyk\u00f3w i instytucje zaanga\u017cowane w ochron\u0119 oraz ratowanie polskiego dziedzictwa kulturowego. W trakcie wydarzenia Wydawnictwo UG prezentowa\u0142o ofert\u0119 z serii Biblioteka Prawa Ochrony Zabytk\u00f3w.<\/p>\n<h5 style=\"text-align: left;\"><strong>Premiera ksi\u0105\u017cki <em>Dwie Stocznie<\/em><\/strong><\/h5>\n<p style=\"text-align: left;\">Pod koniec listopada w Muzeum Miasta Gdyni odby\u0142a si\u0119 premiera monografii zbiorowej <em>Dwie Stocznie. Budowa statk\u00f3w od socjalizmu do Unii Europejskiej<\/em>. To ju\u017c druga publikacja (pierwsz\u0105 by\u0142a biografia Tadeusza Wendy autorstwa Zbigniewa Opackiego i Dagmary P\u0142azy-Opackiej) z serii naukowej Gdynia w Nowym \u015awietle wsp\u00f3\u0142tworzonej z Muzeum Miasta Gdyni.<\/p>\n<h4 style=\"text-align: left;\"><strong>Bestsellery 2025<\/strong><\/h4>\n<p style=\"text-align: left;\">Prezentujemy zestawienie dziesi\u0119ciu publikacji, kt\u00f3re w 2025 roku cieszy\u0142y si\u0119 szczeg\u00f3lnym zainteresowaniem czytelnik\u00f3w:<\/p>\n<ol>\n<li style=\"text-align: left;\">Hanna Dymel-Trzebiatowska, <em>Filozoficzne i translatoryczne w\u0119dr\u00f3wki po Dolinie Mumink\u00f3w<\/em><\/li>\n<li style=\"text-align: left;\">Hanna Dymel-Trzebiatowska, <em>Przechadzki po Dolinie Mumink\u00f3w. Perspektywa filozoficzno-literacka<\/em><\/li>\n<li style=\"text-align: left;\">Beata Mo\u017cejko, <em>Ksi\u0119\u017cniczki i inne. O sze\u015bciu \u015bredniowiecznych w\u0142adczyniach, szlachciance i pisarce<\/em><\/li>\n<li style=\"text-align: left;\">Anna Paner, <em>Ksi\u0105\u017c\u0119ta i kr\u00f3lowie czescy. Przemy\u015blidzi 872\u20131306. Dzieje polityczne<\/em><\/li>\n<li style=\"text-align: left;\">Rafa\u0142 Kubicki, <em>Prusy Krzy\u017cackie. Gospodarka i kultura na obszarach wiejskich<\/em><\/li>\n<li style=\"text-align: left;\"><em>Wst\u0119p do prawoznawstwa<\/em>, red. Kamil Zeidler, Jerzy Zajad\u0142o<\/li>\n<li style=\"text-align: left;\">Zbigniew Opacki, Dagmara P\u0142aza-Opacka, <em>Tadeusz Wenda. Budowniczy portu Rzeczypospolitej<\/em><\/li>\n<li style=\"text-align: left;\">Jan Pruszy\u0144ski, <em>Teoria prawa ochrony dziedzictwa kultury<\/em>, red. Kamil Zeidler<\/li>\n<li style=\"text-align: left;\">Agnieszka Plata, <em>Sp\u00f3r o zbiory Muzeum Brytyjskiego jako trudny przypadek w prawie<\/em><\/li>\n<li style=\"text-align: left;\">Jaros\u0142aw Drozd, <em>Mistrz W\u0142adys\u0142aw Pytlasi\u0144ski (1863\u20131933). Zapa\u015bnik \u2013 trener \u2013 dzia\u0142acz \u2013 artysta \u2013 policjant<\/em><\/li>\n<\/ol>\n","protected":false},"excerpt":{"rendered":"<p>Rok 2025 min\u0105\u0142 w Wydawnictwie Uniwersytetu Gda\u0144skiego pod znakiem intensywnej pracy wydawniczej, promocji ksi\u0105\u017cek oraz organizacji wydarze\u0144 naukowych i kulturalnych. Wsp\u00f3\u0142praca z licznymi instytucjami zaowocowa\u0142a publikacjami, wystawami, festiwalami i konferencjami. Jak co roku towarzyszyli\u015bmy naszym autorom na wszystkich etapach pracy nad ksi\u0105\u017ck\u0105 \u2013 od redakcji po promocj\u0119, z satysfakcj\u0105 obserwuj\u0105c ich sukcesy. Nagrody Wyr\u00f3\u017cnienie dla [&hellip;]<\/p>\n","protected":false},"author":3954,"featured_media":41339,"comment_status":"closed","ping_status":"closed","sticky":false,"template":"","format":"standard","meta":{"_acf_changed":false,"footnotes":""},"categories":[1],"tags":[],"class_list":["post-44770","post","type-post","status-publish","format-standard","has-post-thumbnail","hentry","category-aktualnosci"],"acf":[],"_links":{"self":[{"href":"https:\/\/wydawnictwo.ug.edu.pl\/en\/wp-json\/wp\/v2\/posts\/44770","targetHints":{"allow":["GET"]}}],"collection":[{"href":"https:\/\/wydawnictwo.ug.edu.pl\/en\/wp-json\/wp\/v2\/posts"}],"about":[{"href":"https:\/\/wydawnictwo.ug.edu.pl\/en\/wp-json\/wp\/v2\/types\/post"}],"author":[{"embeddable":true,"href":"https:\/\/wydawnictwo.ug.edu.pl\/en\/wp-json\/wp\/v2\/users\/3954"}],"replies":[{"embeddable":true,"href":"https:\/\/wydawnictwo.ug.edu.pl\/en\/wp-json\/wp\/v2\/comments?post=44770"}],"version-history":[{"count":5,"href":"https:\/\/wydawnictwo.ug.edu.pl\/en\/wp-json\/wp\/v2\/posts\/44770\/revisions"}],"predecessor-version":[{"id":44865,"href":"https:\/\/wydawnictwo.ug.edu.pl\/en\/wp-json\/wp\/v2\/posts\/44770\/revisions\/44865"}],"wp:featuredmedia":[{"embeddable":true,"href":"https:\/\/wydawnictwo.ug.edu.pl\/en\/wp-json\/wp\/v2\/media\/41339"}],"wp:attachment":[{"href":"https:\/\/wydawnictwo.ug.edu.pl\/en\/wp-json\/wp\/v2\/media?parent=44770"}],"wp:term":[{"taxonomy":"category","embeddable":true,"href":"https:\/\/wydawnictwo.ug.edu.pl\/en\/wp-json\/wp\/v2\/categories?post=44770"},{"taxonomy":"post_tag","embeddable":true,"href":"https:\/\/wydawnictwo.ug.edu.pl\/en\/wp-json\/wp\/v2\/tags?post=44770"}],"curies":[{"name":"wp","href":"https:\/\/api.w.org\/{rel}","templated":true}]}}