{"id":44646,"date":"2026-01-09T12:38:35","date_gmt":"2026-01-09T12:38:35","guid":{"rendered":"https:\/\/wydawnictwo.ug.edu.pl\/?p=44646"},"modified":"2026-01-09T12:39:18","modified_gmt":"2026-01-09T12:39:18","slug":"najchetniej-czytane-ksiazki-w-2025-roku","status":"publish","type":"post","link":"https:\/\/wydawnictwo.ug.edu.pl\/en\/najchetniej-czytane-ksiazki-w-2025-roku\/","title":{"rendered":"Najch\u0119tniej czytane ksi\u0105\u017cki w 2025 roku"},"content":{"rendered":"<p>Nadej\u015bcie Nowego Roku to idealny moment na podsumowanie dotychczasowych dzia\u0142a\u0144 oraz podj\u0119cie nowych wyzwa\u0144. Dla Wydawnictwa rok 2025 by\u0142 czasem intensywnej pracy nad publikacj\u0105 nowych tytu\u0142\u00f3w oraz ich promocj\u0105.<\/p>\n<p>W dzisiejszym zestawieniu przedstawiamy dziesi\u0119\u0107 publikacji Wydawnictwa Uniwersytetu Gda\u0144skiego, kt\u00f3re w 2025 roku cieszy\u0142y si\u0119 szczeg\u00f3lnym zainteresowaniem Czytelnik\u00f3w:<\/p>\n<ol>\n<li>Hanna Dymel-Trzebiatowska, <strong><a href=\"https:\/\/wydawnictwo.ug.edu.pl\/ksiegarnia-online\/przekladoznawstwo\/filozoficzne-i-translatoryczne-wedrowki-po-dolinie-muminkow\/\"><em>Filozoficzne i translatoryczne w\u0119dr\u00f3wki po Dolinie Mumink\u00f3w<\/em><\/a><\/strong><\/li>\n<li>Hanna Dymel-Trzebiatowska, <strong><a href=\"https:\/\/wydawnictwo.ug.edu.pl\/ksiegarnia-online\/jezykoznawstwo\/przechadzki-po-dolinie-muminkow-perspektywa-filozoficzno-literacka\/\"><em>Przechadzki po Dolinie Mumink\u00f3w. Perspektywa filozoficzno-literacka<\/em><\/a><\/strong><\/li>\n<li>Beata Mo\u017cejko, <strong><a href=\"https:\/\/wydawnictwo.ug.edu.pl\/ksiegarnia-online\/historia\/ksiezniczki-i-inne\/\"><em>Ksi\u0119\u017cniczki i inne. O sze\u015bciu \u015bredniowiecznych w\u0142adczyniach, szlachciance i pisarce<\/em><\/a><\/strong><\/li>\n<li>Anna Paner, <strong><a href=\"https:\/\/wydawnictwo.ug.edu.pl\/ksiegarnia-online\/historia\/ksiazeta-i-krolowie-czescy-przemyslidzi-872-1306\/\"><em>Ksi\u0105\u017c\u0119ta i kr\u00f3lowie czescy. Przemy\u015blidzi 872\u20131306. Dzieje polityczne<\/em><\/a><\/strong><\/li>\n<li>Rafa\u0142 Kubicki, <strong><a href=\"https:\/\/wydawnictwo.ug.edu.pl\/ksiegarnia-online\/historia\/prusy-krzyzackie-gospodarka-i-kultura-na-obszarach-wiejskich\/\"><em>Prusy Krzy\u017cackie. Gospodarka i kultura na obszarach wiejskich<\/em><\/a><\/strong><\/li>\n<li><strong><a href=\"https:\/\/wydawnictwo.ug.edu.pl\/ksiegarnia-online\/prawo-i-administracja\/wstep-do-prawoznawstwa\/\"><em>Wst\u0119p do prawoznawstwa<\/em><\/a><\/strong>, red. Kamil Zeidler, Jerzy Zajad\u0142o<\/li>\n<li>Zbigniew Opacki, Dagmara P\u0142aza-Opacka, <strong><a href=\"https:\/\/wydawnictwo.ug.edu.pl\/ksiegarnia-online\/bestsellery\/tadeusz-wenda-budowniczy-portu-rzeczypospolitej\/\"><em>Tadeusz Wenda. Budowniczy portu Rzeczypospolitej<\/em><\/a><\/strong><\/li>\n<li>Jan Pruszy\u0144ski, <strong><a href=\"https:\/\/wydawnictwo.ug.edu.pl\/ksiegarnia-online\/prawo-i-administracja\/teoria-prawa-ochrony-dziedzictwa-kultury\/\"><em>Teoria prawa ochrony dziedzictwa kultury<\/em><\/a><\/strong>, red. Kamil Zeidler<\/li>\n<li>Agnieszka Plata, <strong><a href=\"https:\/\/wydawnictwo.ug.edu.pl\/ksiegarnia-online\/prawo-i-administracja\/spor-o-zbiory-muzeum-brytyjskiego-jako-trudny-przypadek-w-prawie\/\"><em>Sp\u00f3r o zbiory Muzeum Brytyjskiego jako trudny przypadek w prawie<\/em><\/a><\/strong><\/li>\n<li>Jaros\u0142aw Drozd, <strong><a href=\"https:\/\/wydawnictwo.ug.edu.pl\/ksiegarnia-online\/bestsellery\/mistrz-wladyslaw-pytlasinski-1863-1933-zapasnik-trener-dzialacz-artysta-policjant\/\"><em>Mistrz W\u0142adys\u0142aw Pytlasi\u0144ski (1863\u20131933). Zapa\u015bnik \u2013 trener \u2013 dzia\u0142acz \u2013 artysta \u2013 policjant<\/em><\/a><\/strong><\/li>\n<\/ol>\n<p>Dzi\u0119kujemy autorom, recenzentom, wsp\u00f3\u0142pracownikom oraz czytelnikom za miniony rok i zapraszamy do \u015bledzenia naszych kolejnych dzia\u0142a\u0144 oraz premier wydawniczych w 2026!<\/p>\n","protected":false},"excerpt":{"rendered":"<p>Nadej\u015bcie Nowego Roku to idealny moment na podsumowanie dotychczasowych dzia\u0142a\u0144 oraz podj\u0119cie nowych wyzwa\u0144. Dla Wydawnictwa rok 2025 by\u0142 czasem intensywnej pracy nad publikacj\u0105 nowych tytu\u0142\u00f3w oraz ich promocj\u0105. W dzisiejszym zestawieniu przedstawiamy dziesi\u0119\u0107 publikacji Wydawnictwa Uniwersytetu Gda\u0144skiego, kt\u00f3re w 2025 roku cieszy\u0142y si\u0119 szczeg\u00f3lnym zainteresowaniem Czytelnik\u00f3w: Hanna Dymel-Trzebiatowska, Filozoficzne i translatoryczne w\u0119dr\u00f3wki po Dolinie [&hellip;]<\/p>\n","protected":false},"author":3954,"featured_media":44647,"comment_status":"closed","ping_status":"closed","sticky":false,"template":"","format":"standard","meta":{"_acf_changed":false,"footnotes":""},"categories":[1],"tags":[],"class_list":["post-44646","post","type-post","status-publish","format-standard","has-post-thumbnail","hentry","category-aktualnosci"],"acf":[],"_links":{"self":[{"href":"https:\/\/wydawnictwo.ug.edu.pl\/en\/wp-json\/wp\/v2\/posts\/44646","targetHints":{"allow":["GET"]}}],"collection":[{"href":"https:\/\/wydawnictwo.ug.edu.pl\/en\/wp-json\/wp\/v2\/posts"}],"about":[{"href":"https:\/\/wydawnictwo.ug.edu.pl\/en\/wp-json\/wp\/v2\/types\/post"}],"author":[{"embeddable":true,"href":"https:\/\/wydawnictwo.ug.edu.pl\/en\/wp-json\/wp\/v2\/users\/3954"}],"replies":[{"embeddable":true,"href":"https:\/\/wydawnictwo.ug.edu.pl\/en\/wp-json\/wp\/v2\/comments?post=44646"}],"version-history":[{"count":2,"href":"https:\/\/wydawnictwo.ug.edu.pl\/en\/wp-json\/wp\/v2\/posts\/44646\/revisions"}],"predecessor-version":[{"id":44650,"href":"https:\/\/wydawnictwo.ug.edu.pl\/en\/wp-json\/wp\/v2\/posts\/44646\/revisions\/44650"}],"wp:featuredmedia":[{"embeddable":true,"href":"https:\/\/wydawnictwo.ug.edu.pl\/en\/wp-json\/wp\/v2\/media\/44647"}],"wp:attachment":[{"href":"https:\/\/wydawnictwo.ug.edu.pl\/en\/wp-json\/wp\/v2\/media?parent=44646"}],"wp:term":[{"taxonomy":"category","embeddable":true,"href":"https:\/\/wydawnictwo.ug.edu.pl\/en\/wp-json\/wp\/v2\/categories?post=44646"},{"taxonomy":"post_tag","embeddable":true,"href":"https:\/\/wydawnictwo.ug.edu.pl\/en\/wp-json\/wp\/v2\/tags?post=44646"}],"curies":[{"name":"wp","href":"https:\/\/api.w.org\/{rel}","templated":true}]}}