{"id":44514,"date":"2025-12-19T15:05:36","date_gmt":"2025-12-19T15:05:36","guid":{"rendered":"https:\/\/wydawnictwo.ug.edu.pl\/?p=44514"},"modified":"2025-12-22T09:13:29","modified_gmt":"2025-12-22T09:13:29","slug":"wesolych-swiat-zyczy-wydawnictwo-ug-2","status":"publish","type":"post","link":"https:\/\/wydawnictwo.ug.edu.pl\/en\/wesolych-swiat-zyczy-wydawnictwo-ug-2\/","title":{"rendered":"Weso\u0142ych \u015awi\u0105t \u017cyczy Wydawnictwo UG"},"content":{"rendered":"<div>Przy wigilijnym stole<\/div>\n<div>\n<p>\u0141ami\u0105c op\u0142atek \u015bwi\u0119ty,<\/p>\n<p>Pomnijcie, dzie\u0144 ten radosny<\/p>\n<p>W\u00a0mi\u0142o\u015bci jest pocz\u0119ty;<\/p>\n<p>&nbsp;<\/p>\n<p>\u017be, jako m\u00f3wi wam wszystkim<\/p>\n<p>Dawne, odwieczne or\u0119dzie,<\/p>\n<p>Z pierwsz\u0105 na niebie gwiazd\u0105<\/p>\n<p>B\u00f3g w waszym domu zasi\u0105dzie.<\/p>\n<p>&nbsp;<\/p>\n<p>Sercem\u00a0go przyj\u0105\u0107 gor\u0105cym,<\/p>\n<p>Nie \u015bcie\u017caj otworzy\u0107 wrota \u2013<\/p>\n<p>Oto, co czyni\u0107 wam ka\u017ce<\/p>\n<p>Mi\u0142o\u015b\u0107, najwi\u0119ksza cnota [\u2026].<\/p>\n<div><\/div>\n<div>Jan Kasprowicz, <i>Przy wigilijnym stole<\/i><\/div>\n<div><\/div>\n<p>Z okazji \u015awi\u0105t Bo\u017cego Narodzenia sk\u0142adamy serdeczne \u017cyczenia, aby ten szczeg\u00f3lny czas przyni\u00f3s\u0142 Pa\u0144stwu rado\u015b\u0107, spok\u00f3j oraz ciep\u0142o rodzinnych i przyjacielskich spotka\u0144. Niech pozwoli zatrzyma\u0107 si\u0119 na chwil\u0119 i przypomnie\u0107 to, co w \u017cyciu najistotniejsze.<\/p>\n<\/div>\n<div>W nadchodz\u0105cym 2026 roku \u017cyczymy zdrowia, pomy\u015blno\u015bci, spe\u0142niania marze\u0144 oraz wielu inspiruj\u0105cych lektur.<\/div>\n<p><em>Joanna Kamie\u0144 Dyrektor Wydawnictwa Uniwersytetu Gda\u0144skiego wraz z Zespo\u0142em Wydawnictwa UG, Zak\u0142adu Poligrafii UG i Ksi\u0119garni Uniwersyteckiej<\/em><\/p>\n","protected":false},"excerpt":{"rendered":"<p>Przy wigilijnym stole \u0141ami\u0105c op\u0142atek \u015bwi\u0119ty, Pomnijcie, dzie\u0144 ten radosny W\u00a0mi\u0142o\u015bci jest pocz\u0119ty; &nbsp; \u017be, jako m\u00f3wi wam wszystkim Dawne, odwieczne or\u0119dzie, Z pierwsz\u0105 na niebie gwiazd\u0105 B\u00f3g w waszym domu zasi\u0105dzie. &nbsp; Sercem\u00a0go przyj\u0105\u0107 gor\u0105cym, Nie \u015bcie\u017caj otworzy\u0107 wrota \u2013 Oto, co czyni\u0107 wam ka\u017ce Mi\u0142o\u015b\u0107, najwi\u0119ksza cnota [\u2026]. Jan Kasprowicz, Przy wigilijnym stole [&hellip;]<\/p>\n","protected":false},"author":3954,"featured_media":44544,"comment_status":"closed","ping_status":"closed","sticky":false,"template":"","format":"standard","meta":{"_acf_changed":false,"footnotes":""},"categories":[1],"tags":[],"class_list":["post-44514","post","type-post","status-publish","format-standard","has-post-thumbnail","hentry","category-aktualnosci"],"acf":[],"_links":{"self":[{"href":"https:\/\/wydawnictwo.ug.edu.pl\/en\/wp-json\/wp\/v2\/posts\/44514","targetHints":{"allow":["GET"]}}],"collection":[{"href":"https:\/\/wydawnictwo.ug.edu.pl\/en\/wp-json\/wp\/v2\/posts"}],"about":[{"href":"https:\/\/wydawnictwo.ug.edu.pl\/en\/wp-json\/wp\/v2\/types\/post"}],"author":[{"embeddable":true,"href":"https:\/\/wydawnictwo.ug.edu.pl\/en\/wp-json\/wp\/v2\/users\/3954"}],"replies":[{"embeddable":true,"href":"https:\/\/wydawnictwo.ug.edu.pl\/en\/wp-json\/wp\/v2\/comments?post=44514"}],"version-history":[{"count":2,"href":"https:\/\/wydawnictwo.ug.edu.pl\/en\/wp-json\/wp\/v2\/posts\/44514\/revisions"}],"predecessor-version":[{"id":44545,"href":"https:\/\/wydawnictwo.ug.edu.pl\/en\/wp-json\/wp\/v2\/posts\/44514\/revisions\/44545"}],"wp:featuredmedia":[{"embeddable":true,"href":"https:\/\/wydawnictwo.ug.edu.pl\/en\/wp-json\/wp\/v2\/media\/44544"}],"wp:attachment":[{"href":"https:\/\/wydawnictwo.ug.edu.pl\/en\/wp-json\/wp\/v2\/media?parent=44514"}],"wp:term":[{"taxonomy":"category","embeddable":true,"href":"https:\/\/wydawnictwo.ug.edu.pl\/en\/wp-json\/wp\/v2\/categories?post=44514"},{"taxonomy":"post_tag","embeddable":true,"href":"https:\/\/wydawnictwo.ug.edu.pl\/en\/wp-json\/wp\/v2\/tags?post=44514"}],"curies":[{"name":"wp","href":"https:\/\/api.w.org\/{rel}","templated":true}]}}