{"id":44508,"date":"2025-12-19T12:47:28","date_gmt":"2025-12-19T12:47:28","guid":{"rendered":"https:\/\/wydawnictwo.ug.edu.pl\/?p=44508"},"modified":"2025-12-19T12:47:28","modified_gmt":"2025-12-19T12:47:28","slug":"prof-marek-smolinski-w-radiu-tok-fm","status":"publish","type":"post","link":"https:\/\/wydawnictwo.ug.edu.pl\/en\/prof-marek-smolinski-w-radiu-tok-fm\/","title":{"rendered":"Prof. Marek Smoli\u0144ski w Radiu TOK FM"},"content":{"rendered":"<p>Profesor Marek Smoli\u0144ski z Wydzia\u0142u Historycznego Uniwersytetu Gda\u0144skiego by\u0142 go\u015bciem Cezarego \u0141asiczki w audycji Interluda na antenie TOK FM.<\/p>\n<p>Historyk opowiada\u0142 o jeniectwie na ziemiach s\u0142owia\u0144skich we wczesnym \u015bredniowieczu. Rozmowa dotyczy\u0142a m.in. wykupu je\u0144c\u00f3w, porwa\u0144 os\u00f3b o wysokim statusie oraz politycznych i ekonomicznych konsekwencji tych praktyk.<\/p>\n<p>Audycja nawi\u0105zuje do najnowszej ksi\u0105\u017cki autora: <a href=\"https:\/\/wydawnictwo.ug.edu.pl\/ksiegarnia-online\/historia\/jency-i-jeniectwo-w-strefie-poludniowych-wybrzezy-baltyku-pomorza-i-polabia-do-1230-roku\/\"><em>Je\u0144cy i jeniectwo w strefie po\u0142udniowych wybrze\u017cy Ba\u0142tyku, Pomorza i Po\u0142abia do 1230 roku<\/em><\/a>.<\/p>\n","protected":false},"excerpt":{"rendered":"<p>Profesor Marek Smoli\u0144ski z Wydzia\u0142u Historycznego Uniwersytetu Gda\u0144skiego by\u0142 go\u015bciem Cezarego \u0141asiczki w audycji Interluda na antenie TOK FM. Historyk opowiada\u0142 o jeniectwie na ziemiach s\u0142owia\u0144skich we wczesnym \u015bredniowieczu. Rozmowa dotyczy\u0142a m.in. wykupu je\u0144c\u00f3w, porwa\u0144 os\u00f3b o wysokim statusie oraz politycznych i ekonomicznych konsekwencji tych praktyk. Audycja nawi\u0105zuje do najnowszej ksi\u0105\u017cki autora: Je\u0144cy i jeniectwo [&hellip;]<\/p>\n","protected":false},"author":3954,"featured_media":44509,"comment_status":"closed","ping_status":"closed","sticky":false,"template":"","format":"standard","meta":{"_acf_changed":false,"footnotes":""},"categories":[1,6779],"tags":[],"class_list":["post-44508","post","type-post","status-publish","format-standard","has-post-thumbnail","hentry","category-aktualnosci","category-w-prawie-i-mediach"],"acf":[],"_links":{"self":[{"href":"https:\/\/wydawnictwo.ug.edu.pl\/en\/wp-json\/wp\/v2\/posts\/44508","targetHints":{"allow":["GET"]}}],"collection":[{"href":"https:\/\/wydawnictwo.ug.edu.pl\/en\/wp-json\/wp\/v2\/posts"}],"about":[{"href":"https:\/\/wydawnictwo.ug.edu.pl\/en\/wp-json\/wp\/v2\/types\/post"}],"author":[{"embeddable":true,"href":"https:\/\/wydawnictwo.ug.edu.pl\/en\/wp-json\/wp\/v2\/users\/3954"}],"replies":[{"embeddable":true,"href":"https:\/\/wydawnictwo.ug.edu.pl\/en\/wp-json\/wp\/v2\/comments?post=44508"}],"version-history":[{"count":1,"href":"https:\/\/wydawnictwo.ug.edu.pl\/en\/wp-json\/wp\/v2\/posts\/44508\/revisions"}],"predecessor-version":[{"id":44510,"href":"https:\/\/wydawnictwo.ug.edu.pl\/en\/wp-json\/wp\/v2\/posts\/44508\/revisions\/44510"}],"wp:featuredmedia":[{"embeddable":true,"href":"https:\/\/wydawnictwo.ug.edu.pl\/en\/wp-json\/wp\/v2\/media\/44509"}],"wp:attachment":[{"href":"https:\/\/wydawnictwo.ug.edu.pl\/en\/wp-json\/wp\/v2\/media?parent=44508"}],"wp:term":[{"taxonomy":"category","embeddable":true,"href":"https:\/\/wydawnictwo.ug.edu.pl\/en\/wp-json\/wp\/v2\/categories?post=44508"},{"taxonomy":"post_tag","embeddable":true,"href":"https:\/\/wydawnictwo.ug.edu.pl\/en\/wp-json\/wp\/v2\/tags?post=44508"}],"curies":[{"name":"wp","href":"https:\/\/api.w.org\/{rel}","templated":true}]}}