{"id":43304,"date":"2025-10-03T09:53:35","date_gmt":"2025-10-03T09:53:35","guid":{"rendered":"https:\/\/wydawnictwo.ug.edu.pl\/?p=43304"},"modified":"2025-10-17T10:13:33","modified_gmt":"2025-10-17T10:13:33","slug":"recenzja-ksiazki-prof-arkadiusza-janickiego-w-zapiskach-historycznych","status":"publish","type":"post","link":"https:\/\/wydawnictwo.ug.edu.pl\/en\/recenzja-ksiazki-prof-arkadiusza-janickiego-w-zapiskach-historycznych\/","title":{"rendered":"Recenzja ksi\u0105\u017cki prof. Arkadiusza Janickiego w \u201eZapiskach Historycznych\u201d"},"content":{"rendered":"<p class=\"related-image\">W czasopi\u015bmie \u201eZapiski Historyczne\u201d (t. 90, 2025, z. 3, s. 185\u2013189) ukaza\u0142a si\u0119 recenzja ksi\u0105\u017cki prof. Arkadiusza Janickiego\u00a0<a href=\"https:\/\/wydawnictwo.ug.edu.pl\/produkt\/wyprawa-michala-kleofasa-oginskiego-do-wschodniej-kurlandii-i-na-dyneburg-w-1794-roku\/\"><em>Wyprawa Micha\u0142a Kleofasa Ogi\u0144skiego do wschodniej Kurlandii i na Dyneburg w 1794 roku<\/em><\/a>.<\/p>\n<p>Autor recenzji, Dariusz Nawrot, tak pisze o ksi\u0105\u017cce:<\/p>\n<blockquote><p>Recenzowana ksi\u0105\u017cka jest bardzo wa\u017cnym i cennym uzupe\u0142nieniem naszej wiedzy na temat wydarze\u0144 na pograniczu litewsko-kurlandzko-inflanckim w czasie insurekcji 1794 r., a zawarte powy\u017cej uwagi nie obni\u017caj\u0105 jej warto\u015bci. Arkadiuszowi Janickiemu uda\u0142o si\u0119 wr\u0119cz drobiazgowo opisa\u0107 przebieg wyprawy dyneburskiej. Na szczeg\u00f3lne podkre\u015blenie zas\u0142uguje weryfikacja chronologii wydarze\u0144 oraz ustalenie ich faktycznego przebiegu. Przy tym we wszystkich partiach ksi\u0105\u017cki autor przekonuj\u0105co polemizuje z wcze\u015bniejszymi ustaleniami historyk\u00f3w, wykorzystuj\u0105c w tym celu nieznane dot\u0105d polskiej historiografii materia\u0142y archiwalne, b\u0119d\u0105ce efektem jego licznych kwerend w archiwach na Wschodzie.<\/p><\/blockquote>\n<p>Om\u00f3wienie dost\u0119pne do przeczytania\u00a0<a href=\"https:\/\/www.zapiskihistoryczne.pl\/files\/5\/Vol._90_2025\/ZH_90-3_10_Rec-Nawrot_N.pdf\">tutaj<\/a>.<\/p>\n","protected":false},"excerpt":{"rendered":"<p>W czasopi\u015bmie \u201eZapiski Historyczne\u201d (t. 90, 2025, z. 3, s. 185\u2013189) ukaza\u0142a si\u0119 recenzja ksi\u0105\u017cki prof. Arkadiusza Janickiego\u00a0Wyprawa Micha\u0142a Kleofasa Ogi\u0144skiego do wschodniej Kurlandii i na Dyneburg w 1794 roku. Autor recenzji, Dariusz Nawrot, tak pisze o ksi\u0105\u017cce: Recenzowana ksi\u0105\u017cka jest bardzo wa\u017cnym i cennym uzupe\u0142nieniem naszej wiedzy na temat wydarze\u0144 na pograniczu litewsko-kurlandzko-inflanckim w [&hellip;]<\/p>\n","protected":false},"author":3954,"featured_media":29417,"comment_status":"closed","ping_status":"closed","sticky":false,"template":"","format":"standard","meta":{"_acf_changed":false,"footnotes":""},"categories":[1,6779],"tags":[],"class_list":["post-43304","post","type-post","status-publish","format-standard","has-post-thumbnail","hentry","category-aktualnosci","category-w-prawie-i-mediach"],"acf":[],"_links":{"self":[{"href":"https:\/\/wydawnictwo.ug.edu.pl\/en\/wp-json\/wp\/v2\/posts\/43304","targetHints":{"allow":["GET"]}}],"collection":[{"href":"https:\/\/wydawnictwo.ug.edu.pl\/en\/wp-json\/wp\/v2\/posts"}],"about":[{"href":"https:\/\/wydawnictwo.ug.edu.pl\/en\/wp-json\/wp\/v2\/types\/post"}],"author":[{"embeddable":true,"href":"https:\/\/wydawnictwo.ug.edu.pl\/en\/wp-json\/wp\/v2\/users\/3954"}],"replies":[{"embeddable":true,"href":"https:\/\/wydawnictwo.ug.edu.pl\/en\/wp-json\/wp\/v2\/comments?post=43304"}],"version-history":[{"count":0,"href":"https:\/\/wydawnictwo.ug.edu.pl\/en\/wp-json\/wp\/v2\/posts\/43304\/revisions"}],"wp:featuredmedia":[{"embeddable":true,"href":"https:\/\/wydawnictwo.ug.edu.pl\/en\/wp-json\/wp\/v2\/media\/29417"}],"wp:attachment":[{"href":"https:\/\/wydawnictwo.ug.edu.pl\/en\/wp-json\/wp\/v2\/media?parent=43304"}],"wp:term":[{"taxonomy":"category","embeddable":true,"href":"https:\/\/wydawnictwo.ug.edu.pl\/en\/wp-json\/wp\/v2\/categories?post=43304"},{"taxonomy":"post_tag","embeddable":true,"href":"https:\/\/wydawnictwo.ug.edu.pl\/en\/wp-json\/wp\/v2\/tags?post=43304"}],"curies":[{"name":"wp","href":"https:\/\/api.w.org\/{rel}","templated":true}]}}