{"id":43158,"date":"2025-09-26T06:59:30","date_gmt":"2025-09-26T06:59:30","guid":{"rendered":"https:\/\/wydawnictwo.ug.edu.pl\/?p=43158"},"modified":"2025-09-26T07:07:59","modified_gmt":"2025-09-26T07:07:59","slug":"urodziny-portu-morskiego-w-gdyni","status":"publish","type":"post","link":"https:\/\/wydawnictwo.ug.edu.pl\/en\/urodziny-portu-morskiego-w-gdyni\/","title":{"rendered":"Urodziny Portu Morskiego w Gdyni"},"content":{"rendered":"<p>23 wrze\u015bnia 1922 roku\u00a0Sejm Rzeczypospolitej Polskiej przyj\u0105\u0142 ustaw\u0119 o budowie portu w Gdyni. Data ta uznawana jest za formalny pocz\u0105tek budowy, cho\u0107 ju\u017c w 1920 roku in\u017cynier Tadeusz Wenda podj\u0105\u0142 si\u0119 zadania zaprojektowania oraz wyboru miejsca, w kt\u00f3rym mia\u0142 powsta\u0107 strategiczny punkt handlu zamorskiego.<\/p>\n<p>Tadeusz Wenda zwyk\u0142 powtarza\u0107: \u201eDla Polski ten port buduj\u0119\u201d. Kim by\u0142 cz\u0142owiek, kt\u00f3ry znacz\u0105co przys\u0142u\u017cy\u0142 si\u0119 do rozwoju gospodarczego kraju? Poznajcie histori\u0119 budowniczego portu w Gdyni: od narodzin, przez lata edukacji i pracy w imperium rosyjskim, a\u017c po obj\u0119cie funkcji Naczelnika Budowy Portu.<\/p>\n<p>Ksi\u0105\u017ck\u0119\u00a0<a href=\"https:\/\/wydawnictwo.ug.edu.pl\/produkt\/tadeusz-wenda-budowniczy-portu-rzeczypospolitej\/\"><em>Tadeusz Wenda. Budowniczy portu Rzeczypospolitej<\/em>\u00a0<\/a>autorstwa Zbigniewa Opackiego i Dagmary P\u0142azy-Opackiej wydali\u015bmy wsp\u00f3lnie z Muzeum Miasta Gdyni.<\/p>\n","protected":false},"excerpt":{"rendered":"<p>23 wrze\u015bnia 1922 roku\u00a0Sejm Rzeczypospolitej Polskiej przyj\u0105\u0142 ustaw\u0119 o budowie portu w Gdyni. Data ta uznawana jest za formalny pocz\u0105tek budowy, cho\u0107 ju\u017c w 1920 roku in\u017cynier Tadeusz Wenda podj\u0105\u0142 si\u0119 zadania zaprojektowania oraz wyboru miejsca, w kt\u00f3rym mia\u0142 powsta\u0107 strategiczny punkt handlu zamorskiego. Tadeusz Wenda zwyk\u0142 powtarza\u0107: \u201eDla Polski ten port buduj\u0119\u201d. Kim by\u0142 [&hellip;]<\/p>\n","protected":false},"author":3954,"featured_media":43159,"comment_status":"closed","ping_status":"closed","sticky":false,"template":"","format":"standard","meta":{"_acf_changed":false,"footnotes":""},"categories":[1],"tags":[],"class_list":["post-43158","post","type-post","status-publish","format-standard","has-post-thumbnail","hentry","category-aktualnosci"],"acf":[],"_links":{"self":[{"href":"https:\/\/wydawnictwo.ug.edu.pl\/en\/wp-json\/wp\/v2\/posts\/43158","targetHints":{"allow":["GET"]}}],"collection":[{"href":"https:\/\/wydawnictwo.ug.edu.pl\/en\/wp-json\/wp\/v2\/posts"}],"about":[{"href":"https:\/\/wydawnictwo.ug.edu.pl\/en\/wp-json\/wp\/v2\/types\/post"}],"author":[{"embeddable":true,"href":"https:\/\/wydawnictwo.ug.edu.pl\/en\/wp-json\/wp\/v2\/users\/3954"}],"replies":[{"embeddable":true,"href":"https:\/\/wydawnictwo.ug.edu.pl\/en\/wp-json\/wp\/v2\/comments?post=43158"}],"version-history":[{"count":0,"href":"https:\/\/wydawnictwo.ug.edu.pl\/en\/wp-json\/wp\/v2\/posts\/43158\/revisions"}],"wp:featuredmedia":[{"embeddable":true,"href":"https:\/\/wydawnictwo.ug.edu.pl\/en\/wp-json\/wp\/v2\/media\/43159"}],"wp:attachment":[{"href":"https:\/\/wydawnictwo.ug.edu.pl\/en\/wp-json\/wp\/v2\/media?parent=43158"}],"wp:term":[{"taxonomy":"category","embeddable":true,"href":"https:\/\/wydawnictwo.ug.edu.pl\/en\/wp-json\/wp\/v2\/categories?post=43158"},{"taxonomy":"post_tag","embeddable":true,"href":"https:\/\/wydawnictwo.ug.edu.pl\/en\/wp-json\/wp\/v2\/tags?post=43158"}],"curies":[{"name":"wp","href":"https:\/\/api.w.org\/{rel}","templated":true}]}}