{"id":43079,"date":"2025-09-08T07:33:11","date_gmt":"2025-09-08T07:33:11","guid":{"rendered":"https:\/\/wydawnictwo.ug.edu.pl\/?p=43079"},"modified":"2025-09-08T07:33:11","modified_gmt":"2025-09-08T07:33:11","slug":"wydawnictwo-ug-na-gdanskich-targach-ksiazki-2","status":"publish","type":"post","link":"https:\/\/wydawnictwo.ug.edu.pl\/en\/wydawnictwo-ug-na-gdanskich-targach-ksiazki-2\/","title":{"rendered":"Wydawnictwo UG na Gda\u0144skich Targach Ksi\u0105\u017cki"},"content":{"rendered":"<p data-start=\"221\" data-end=\"551\">W dniach 12-14 wrze\u015bnia 2025 w Europejskim Centrum Solidarno\u015bci odb\u0119dzie si\u0119 kolejna edycja\u00a0<a href=\"https:\/\/www.gdanskietargiksiazki.pl\/\">Gda\u0144skich Targ\u00f3w Ksi\u0105\u017cki.<\/a>\u00a0W\u015br\u00f3d blisko osiemdziesi\u0119ciu wystawc\u00f3w z ca\u0142ej Polski znajdzie si\u0119 tak\u017ce Wydawnictwo Uniwersytetu Gda\u0144skiego. Zapraszamy do odwiedzin stoiska nr 60.<\/p>\n<div class=\"related-image\">\n<p class=\"font_8 wixui-rich-text__text\"><span class=\"wixui-rich-text__text\">godziny otwarcia:<\/span><\/p>\n<ul>\n<li class=\"font_8 wixui-rich-text__text\"><span class=\"wixui-rich-text__text\">czwartek 11:00 \u2013 17.00<\/span><\/li>\n<li class=\"font_8 wixui-rich-text__text\"><span class=\"wixui-rich-text__text\">pi\u0105tek 10.00 \u2013 18.00<\/span><\/li>\n<li class=\"font_8 wixui-rich-text__text\"><span class=\"wixui-rich-text__text\">sobota 10.00 \u2013 18.00<\/span><\/li>\n<li class=\"font_8 wixui-rich-text__text\"><span class=\"wixui-rich-text__text\">niedziela 10.00 \u2013 17.00<\/span><\/li>\n<\/ul>\n<\/div>\n","protected":false},"excerpt":{"rendered":"<p>W dniach 12-14 wrze\u015bnia 2025 w Europejskim Centrum Solidarno\u015bci odb\u0119dzie si\u0119 kolejna edycja\u00a0Gda\u0144skich Targ\u00f3w Ksi\u0105\u017cki.\u00a0W\u015br\u00f3d blisko osiemdziesi\u0119ciu wystawc\u00f3w z ca\u0142ej Polski znajdzie si\u0119 tak\u017ce Wydawnictwo Uniwersytetu Gda\u0144skiego. Zapraszamy do odwiedzin stoiska nr 60. godziny otwarcia: czwartek 11:00 \u2013 17.00 pi\u0105tek 10.00 \u2013 18.00 sobota 10.00 \u2013 18.00 niedziela 10.00 \u2013 17.00<\/p>\n","protected":false},"author":3954,"featured_media":42637,"comment_status":"closed","ping_status":"closed","sticky":false,"template":"","format":"standard","meta":{"_acf_changed":false,"footnotes":""},"categories":[1],"tags":[],"class_list":["post-43079","post","type-post","status-publish","format-standard","has-post-thumbnail","hentry","category-aktualnosci"],"acf":[],"_links":{"self":[{"href":"https:\/\/wydawnictwo.ug.edu.pl\/en\/wp-json\/wp\/v2\/posts\/43079","targetHints":{"allow":["GET"]}}],"collection":[{"href":"https:\/\/wydawnictwo.ug.edu.pl\/en\/wp-json\/wp\/v2\/posts"}],"about":[{"href":"https:\/\/wydawnictwo.ug.edu.pl\/en\/wp-json\/wp\/v2\/types\/post"}],"author":[{"embeddable":true,"href":"https:\/\/wydawnictwo.ug.edu.pl\/en\/wp-json\/wp\/v2\/users\/3954"}],"replies":[{"embeddable":true,"href":"https:\/\/wydawnictwo.ug.edu.pl\/en\/wp-json\/wp\/v2\/comments?post=43079"}],"version-history":[{"count":0,"href":"https:\/\/wydawnictwo.ug.edu.pl\/en\/wp-json\/wp\/v2\/posts\/43079\/revisions"}],"wp:featuredmedia":[{"embeddable":true,"href":"https:\/\/wydawnictwo.ug.edu.pl\/en\/wp-json\/wp\/v2\/media\/42637"}],"wp:attachment":[{"href":"https:\/\/wydawnictwo.ug.edu.pl\/en\/wp-json\/wp\/v2\/media?parent=43079"}],"wp:term":[{"taxonomy":"category","embeddable":true,"href":"https:\/\/wydawnictwo.ug.edu.pl\/en\/wp-json\/wp\/v2\/categories?post=43079"},{"taxonomy":"post_tag","embeddable":true,"href":"https:\/\/wydawnictwo.ug.edu.pl\/en\/wp-json\/wp\/v2\/tags?post=43079"}],"curies":[{"name":"wp","href":"https:\/\/api.w.org\/{rel}","templated":true}]}}