{"id":43077,"date":"2025-09-08T07:32:21","date_gmt":"2025-09-08T07:32:21","guid":{"rendered":"https:\/\/wydawnictwo.ug.edu.pl\/?p=43077"},"modified":"2025-09-10T07:56:02","modified_gmt":"2025-09-10T07:56:02","slug":"tadeusz-wenda-nominowany-do-pomorskiej-nagrody-literackiej-wiatr-od-morza","status":"publish","type":"post","link":"https:\/\/wydawnictwo.ug.edu.pl\/en\/tadeusz-wenda-nominowany-do-pomorskiej-nagrody-literackiej-wiatr-od-morza\/","title":{"rendered":"\u201eTadeusz Wenda\u2026\u201d nominowany do Pomorskiej Nagrody Literackiej \u201eWiatr od morza\u201d"},"content":{"rendered":"<p>Ksi\u0105\u017cka Zbigniewa Opackiego i Dagmary P\u0142azy-Opackiej\u00a0<a href=\"https:\/\/wydawnictwo.ug.edu.pl\/produkt\/tadeusz-wenda-budowniczy-portu-rzeczypospolitej\/\"><em>Tadeusz Wenda. Budowniczy portu Rzeczypospolitej<\/em><\/a>\u00a0(Muzeum Miasta Gdyni, Wydawnictwo Uniwersytetu Gda\u0144skiego, 2024) zosta\u0142a nominowana do Pomorskiej Nagrody Literackiej \u201eWiatr od morza\u201d w kategorii Pomorska Ksi\u0105\u017cka Roku 2024.<br \/>\nOg\u0142oszenie laureat\u00f3w nast\u0105pi 16 pa\u017adziernika 2025 w Centrum \u015bw. Jana w Gda\u0144sku.<\/p>\n<p>Pomorska Nagroda Literacka \u201eWiatr od morza\u201d, powo\u0142ana przez Samorz\u0105d Wojew\u00f3dztwa Pomorskiego, powsta\u0142a by honorowa\u0107 wysokiej jako\u015bci teksty literackie, reporterskie i naukowe, kt\u00f3re tematyk\u0105 lub osob\u0105 autor\u00f3w zwi\u0105zane s\u0105 z Pomorzem.<\/p>\n","protected":false},"excerpt":{"rendered":"<p>Ksi\u0105\u017cka Zbigniewa Opackiego i Dagmary P\u0142azy-Opackiej\u00a0Tadeusz Wenda. Budowniczy portu Rzeczypospolitej\u00a0(Muzeum Miasta Gdyni, Wydawnictwo Uniwersytetu Gda\u0144skiego, 2024) zosta\u0142a nominowana do Pomorskiej Nagrody Literackiej \u201eWiatr od morza\u201d w kategorii Pomorska Ksi\u0105\u017cka Roku 2024. Og\u0142oszenie laureat\u00f3w nast\u0105pi 16 pa\u017adziernika 2025 w Centrum \u015bw. Jana w Gda\u0144sku. Pomorska Nagroda Literacka \u201eWiatr od morza\u201d, powo\u0142ana przez Samorz\u0105d Wojew\u00f3dztwa Pomorskiego, powsta\u0142a [&hellip;]<\/p>\n","protected":false},"author":3954,"featured_media":31291,"comment_status":"closed","ping_status":"closed","sticky":false,"template":"","format":"standard","meta":{"_acf_changed":false,"footnotes":""},"categories":[1,653],"tags":[],"class_list":["post-43077","post","type-post","status-publish","format-standard","has-post-thumbnail","hentry","category-aktualnosci","category-nagrody-i-nominacje"],"acf":[],"_links":{"self":[{"href":"https:\/\/wydawnictwo.ug.edu.pl\/en\/wp-json\/wp\/v2\/posts\/43077","targetHints":{"allow":["GET"]}}],"collection":[{"href":"https:\/\/wydawnictwo.ug.edu.pl\/en\/wp-json\/wp\/v2\/posts"}],"about":[{"href":"https:\/\/wydawnictwo.ug.edu.pl\/en\/wp-json\/wp\/v2\/types\/post"}],"author":[{"embeddable":true,"href":"https:\/\/wydawnictwo.ug.edu.pl\/en\/wp-json\/wp\/v2\/users\/3954"}],"replies":[{"embeddable":true,"href":"https:\/\/wydawnictwo.ug.edu.pl\/en\/wp-json\/wp\/v2\/comments?post=43077"}],"version-history":[{"count":0,"href":"https:\/\/wydawnictwo.ug.edu.pl\/en\/wp-json\/wp\/v2\/posts\/43077\/revisions"}],"wp:featuredmedia":[{"embeddable":true,"href":"https:\/\/wydawnictwo.ug.edu.pl\/en\/wp-json\/wp\/v2\/media\/31291"}],"wp:attachment":[{"href":"https:\/\/wydawnictwo.ug.edu.pl\/en\/wp-json\/wp\/v2\/media?parent=43077"}],"wp:term":[{"taxonomy":"category","embeddable":true,"href":"https:\/\/wydawnictwo.ug.edu.pl\/en\/wp-json\/wp\/v2\/categories?post=43077"},{"taxonomy":"post_tag","embeddable":true,"href":"https:\/\/wydawnictwo.ug.edu.pl\/en\/wp-json\/wp\/v2\/tags?post=43077"}],"curies":[{"name":"wp","href":"https:\/\/api.w.org\/{rel}","templated":true}]}}