{"id":43072,"date":"2025-09-08T07:31:23","date_gmt":"2025-09-08T07:31:23","guid":{"rendered":"https:\/\/wydawnictwo.ug.edu.pl\/?p=43072"},"modified":"2025-09-08T07:31:23","modified_gmt":"2025-09-08T07:31:23","slug":"rozmowa-z-dr-marta-maciejewska-w-podkascie-spoiler-master","status":"publish","type":"post","link":"https:\/\/wydawnictwo.ug.edu.pl\/en\/rozmowa-z-dr-marta-maciejewska-w-podkascie-spoiler-master\/","title":{"rendered":"Rozmowa z dr Mart\u0105 Maciejewsk\u0105 w podka\u015bcie Spoiler Master"},"content":{"rendered":"<p>Dr Marta Maciejewska, autorka ksi\u0105\u017cki\u00a0<a href=\"https:\/\/wydawnictwo.ug.edu.pl\/produkt\/dialektyka-formy-pelnometrazowe-filmy-fabularne-jana-svankmajera\/\"><em data-start=\"95\" data-end=\"162\">Dialektyka formy. Pe\u0142nometra\u017cowe filmy fabularne Jana \u0160vankmajera<\/em><\/a>, by\u0142a go\u015bciem podcastu Spoiler Master. Podcast do s\u0142uchania po seansie prowadzonego przez dr. Micha\u0142a Oleszczyka. W rozmowie opowiedzia\u0142a o tw\u00f3rczo\u015bci czeskiego surrealisty. Nagrania mo\u017cna pos\u0142ucha\u0107 m.in.\u00a0<a href=\"https:\/\/www.youtube.com\/watch?v=lQDd5IYS_HQ\">tutaj<\/a>.<\/p>\n","protected":false},"excerpt":{"rendered":"<p>Dr Marta Maciejewska, autorka ksi\u0105\u017cki\u00a0Dialektyka formy. Pe\u0142nometra\u017cowe filmy fabularne Jana \u0160vankmajera, by\u0142a go\u015bciem podcastu Spoiler Master. Podcast do s\u0142uchania po seansie prowadzonego przez dr. Micha\u0142a Oleszczyka. W rozmowie opowiedzia\u0142a o tw\u00f3rczo\u015bci czeskiego surrealisty. Nagrania mo\u017cna pos\u0142ucha\u0107 m.in.\u00a0tutaj.<\/p>\n","protected":false},"author":3954,"featured_media":23475,"comment_status":"closed","ping_status":"closed","sticky":false,"template":"","format":"standard","meta":{"_acf_changed":false,"footnotes":""},"categories":[1,6779],"tags":[],"class_list":["post-43072","post","type-post","status-publish","format-standard","has-post-thumbnail","hentry","category-aktualnosci","category-w-prawie-i-mediach"],"acf":[],"_links":{"self":[{"href":"https:\/\/wydawnictwo.ug.edu.pl\/en\/wp-json\/wp\/v2\/posts\/43072","targetHints":{"allow":["GET"]}}],"collection":[{"href":"https:\/\/wydawnictwo.ug.edu.pl\/en\/wp-json\/wp\/v2\/posts"}],"about":[{"href":"https:\/\/wydawnictwo.ug.edu.pl\/en\/wp-json\/wp\/v2\/types\/post"}],"author":[{"embeddable":true,"href":"https:\/\/wydawnictwo.ug.edu.pl\/en\/wp-json\/wp\/v2\/users\/3954"}],"replies":[{"embeddable":true,"href":"https:\/\/wydawnictwo.ug.edu.pl\/en\/wp-json\/wp\/v2\/comments?post=43072"}],"version-history":[{"count":0,"href":"https:\/\/wydawnictwo.ug.edu.pl\/en\/wp-json\/wp\/v2\/posts\/43072\/revisions"}],"wp:featuredmedia":[{"embeddable":true,"href":"https:\/\/wydawnictwo.ug.edu.pl\/en\/wp-json\/wp\/v2\/media\/23475"}],"wp:attachment":[{"href":"https:\/\/wydawnictwo.ug.edu.pl\/en\/wp-json\/wp\/v2\/media?parent=43072"}],"wp:term":[{"taxonomy":"category","embeddable":true,"href":"https:\/\/wydawnictwo.ug.edu.pl\/en\/wp-json\/wp\/v2\/categories?post=43072"},{"taxonomy":"post_tag","embeddable":true,"href":"https:\/\/wydawnictwo.ug.edu.pl\/en\/wp-json\/wp\/v2\/tags?post=43072"}],"curies":[{"name":"wp","href":"https:\/\/api.w.org\/{rel}","templated":true}]}}