{"id":43026,"date":"2025-08-25T07:22:02","date_gmt":"2025-08-25T07:22:02","guid":{"rendered":"https:\/\/wydawnictwo.ug.edu.pl\/?p=43026"},"modified":"2025-08-25T08:52:41","modified_gmt":"2025-08-25T08:52:41","slug":"zapowiedzi","status":"publish","type":"post","link":"https:\/\/wydawnictwo.ug.edu.pl\/en\/zapowiedzi\/","title":{"rendered":"Zapowiedzi"},"content":{"rendered":"<p>Ju\u017c wkr\u00f3tce nak\u0142adem Wydawnictwa Uniwersytetu Gda\u0144skiego uka\u017c\u0105 si\u0119 poni\u017csze tytu\u0142y.<\/p>\n<p>Tomasz Bieli\u0144ski,\u00a0<a href=\"https:\/\/wydawnictwo.ug.edu.pl\/produkt\/mikromobilnosc-wspoldzielona-w-polsce-rozwoj-zachowania-transportowe-finansowanie\/\"><em>Mikromobilno\u015b\u0107 wsp\u00f3\u0142dzielona w Polsce. Rozw\u00f3j, zachowania transportowe, finansowanie<\/em><\/a><\/p>\n<p>Kompleksowa analiza rynku mikromobilno\u015bci wsp\u00f3\u0142dzielonej w Polsce przybli\u017caj\u0105ca ewolucj\u0119 system\u00f3w mikromobilno\u015bci, od ekspansji rower\u00f3w miejskich i hulajn\u00f3g, przez modele finansowania, po reakcje u\u017cytkownik\u00f3w opisane w oparciu o studia przypadku system\u00f3w wprowadzonych w Krakowie, Warszawie i Tr\u00f3jmie\u015bcie. Autor pokazuje rozw\u00f3j tego zjawiska, jego skutki spo\u0142eczne i ekonomiczne, a tak\u017ce wp\u0142yw pandemii na korzystanie z mikromobilno\u015bci.<\/p>\n<p>Iwona Sobol, Monika Szmelter,\u00a0<a href=\"https:\/\/wydawnictwo.ug.edu.pl\/produkt\/miedzynarodowy-rynek-walutowy-wybrane-zagadnienia\/\"><em>Mi\u0119dzynarodowy rynek walutowy. Wybrane zagadnienia<\/em><\/a><\/p>\n<p>Monografia przybli\u017ca zawi\u0142o\u015bci rynku walutowego \u2013 jego powi\u0105zania (zar\u00f3wno geograficzne, jak i podmiotowe), wsp\u00f3\u0142zale\u017cno\u015bci (z polityk\u0105 pieni\u0119\u017cn\u0105, przep\u0142ywami kapita\u0142u spekulacyjnego, poziomem rozwoju rynku finansowego) i techniczne aspekty instrument\u00f3w.<\/p>\n<div id='gallery-1' class='gallery galleryid-43026 gallery-columns-2 gallery-size-medium'><figure class='gallery-item'>\n\t\t\t<div class='gallery-icon landscape'>\n\t\t\t\t<a href='https:\/\/wydawnictwo.ug.edu.pl\/wp-content\/uploads\/2025\/08\/Bielinski-Mikromobilnosc-mock.jpg'><img fetchpriority=\"high\" decoding=\"async\" width=\"300\" height=\"287\" src=\"https:\/\/wydawnictwo.ug.edu.pl\/wp-content\/uploads\/2025\/08\/Bielinski-Mikromobilnosc-mock-300x287.jpg\" class=\"attachment-medium size-medium\" alt=\"\" srcset=\"https:\/\/wydawnictwo.ug.edu.pl\/wp-content\/uploads\/2025\/08\/Bielinski-Mikromobilnosc-mock-300x287.jpg 300w, https:\/\/wydawnictwo.ug.edu.pl\/wp-content\/uploads\/2025\/08\/Bielinski-Mikromobilnosc-mock-768x735.jpg 768w, https:\/\/wydawnictwo.ug.edu.pl\/wp-content\/uploads\/2025\/08\/Bielinski-Mikromobilnosc-mock-600x574.jpg 600w, https:\/\/wydawnictwo.ug.edu.pl\/wp-content\/uploads\/2025\/08\/Bielinski-Mikromobilnosc-mock.jpg 978w\" sizes=\"(max-width: 300px) 100vw, 300px\" \/><\/a>\n\t\t\t<\/div><\/figure><figure class='gallery-item'>\n\t\t\t<div class='gallery-icon landscape'>\n\t\t\t\t<a href='https:\/\/wydawnictwo.ug.edu.pl\/wp-content\/uploads\/2025\/07\/Miedzynarodowy-rynek-walutowy-sobol-mock.jpg'><img decoding=\"async\" width=\"300\" height=\"287\" src=\"https:\/\/wydawnictwo.ug.edu.pl\/wp-content\/uploads\/2025\/07\/Miedzynarodowy-rynek-walutowy-sobol-mock-300x287.jpg\" class=\"attachment-medium size-medium\" alt=\"\" srcset=\"https:\/\/wydawnictwo.ug.edu.pl\/wp-content\/uploads\/2025\/07\/Miedzynarodowy-rynek-walutowy-sobol-mock-300x287.jpg 300w, https:\/\/wydawnictwo.ug.edu.pl\/wp-content\/uploads\/2025\/07\/Miedzynarodowy-rynek-walutowy-sobol-mock-768x735.jpg 768w, https:\/\/wydawnictwo.ug.edu.pl\/wp-content\/uploads\/2025\/07\/Miedzynarodowy-rynek-walutowy-sobol-mock-600x574.jpg 600w, https:\/\/wydawnictwo.ug.edu.pl\/wp-content\/uploads\/2025\/07\/Miedzynarodowy-rynek-walutowy-sobol-mock.jpg 978w\" sizes=\"(max-width: 300px) 100vw, 300px\" \/><\/a>\n\t\t\t<\/div><\/figure>\n\t\t<\/div>\n\n<p><a href=\"https:\/\/wydawnictwo.ug.edu.pl\/produkt\/odpowiedzialnosc-dyscyplinarna-urzednikow\/\"><em>Odpowiedzialno\u015b\u0107 dyscyplinarna urz\u0119dnik\u00f3w<\/em><\/a>, red. Rados\u0142aw Gi\u0119tkowski<\/p>\n<p>Publikacja jest efektem konferencji naukowej Odpowiedzialno\u015b\u0107 dyscyplinarna pracownik\u00f3w administracji publicznej zorganizowanej na Uniwersytecie Gda\u0144skim w 2024 roku. Zawiera opracowania \u0142\u0105cz\u0105ce perspektyw\u0119 teoretyczn\u0105 i praktyczn\u0105, dotycz\u0105ce odpowiedzialno\u015bci dyscyplinarnej urz\u0119dnik\u00f3w, problem\u00f3w interpretacyjnych i przebiegu post\u0119powa\u0144. Autorzy wskazuj\u0105 r\u00f3wnie\u017c kierunki potrzebnych zmian w prawie.<\/p>\n<p>Ernest Czerma\u0144ski, Aneta Oniszczuk-Jastrz\u0105bek, Barbara Paw\u0142owska,\u00a0<a href=\"https:\/\/wydawnictwo.ug.edu.pl\/produkt\/polskie-porty-morskie-na-sciezce-realizacji-koncepcji-green-ports\/\"><em>Polskie porty morskie na \u015bcie\u017cce realizacji koncepcji green ports<\/em><\/a><\/p>\n<p>Publikacja podejmuje jedno z kluczowych wyzwa\u0144 wsp\u00f3\u0142czesnej gospodarki \u2013 \u0142\u0105czenie rozwoju ekonomicznego z ochron\u0105 \u015brodowiska. Autorzy analizuj\u0105 proces ekologizacji port\u00f3w, dobre praktyki z kraju i \u015bwiata oraz kierunki transformacji w stron\u0119 niskoemisyjnego transportu. To wa\u017cny g\u0142os w dyskusji o zr\u00f3wnowa\u017conym zarz\u0105dzaniu portami i budowaniu zr\u00f3wnowa\u017conego \u0142a\u0144cucha dostaw.<\/p>\n<div id='gallery-2' class='gallery galleryid-43026 gallery-columns-2 gallery-size-medium'><figure class='gallery-item'>\n\t\t\t<div class='gallery-icon landscape'>\n\t\t\t\t<a href='https:\/\/wydawnictwo.ug.edu.pl\/wp-content\/uploads\/2025\/07\/Gietkowski-Odpowiedzialnosc-dyscyplinarna-mock.jpg'><img decoding=\"async\" width=\"300\" height=\"287\" src=\"https:\/\/wydawnictwo.ug.edu.pl\/wp-content\/uploads\/2025\/07\/Gietkowski-Odpowiedzialnosc-dyscyplinarna-mock-300x287.jpg\" class=\"attachment-medium size-medium\" alt=\"\" srcset=\"https:\/\/wydawnictwo.ug.edu.pl\/wp-content\/uploads\/2025\/07\/Gietkowski-Odpowiedzialnosc-dyscyplinarna-mock-300x287.jpg 300w, https:\/\/wydawnictwo.ug.edu.pl\/wp-content\/uploads\/2025\/07\/Gietkowski-Odpowiedzialnosc-dyscyplinarna-mock-768x735.jpg 768w, https:\/\/wydawnictwo.ug.edu.pl\/wp-content\/uploads\/2025\/07\/Gietkowski-Odpowiedzialnosc-dyscyplinarna-mock-600x574.jpg 600w, https:\/\/wydawnictwo.ug.edu.pl\/wp-content\/uploads\/2025\/07\/Gietkowski-Odpowiedzialnosc-dyscyplinarna-mock.jpg 978w\" sizes=\"(max-width: 300px) 100vw, 300px\" \/><\/a>\n\t\t\t<\/div><\/figure><figure class='gallery-item'>\n\t\t\t<div class='gallery-icon landscape'>\n\t\t\t\t<a href='https:\/\/wydawnictwo.ug.edu.pl\/wp-content\/uploads\/2025\/07\/green-ports-mock.jpg'><img loading=\"lazy\" decoding=\"async\" width=\"300\" height=\"287\" src=\"https:\/\/wydawnictwo.ug.edu.pl\/wp-content\/uploads\/2025\/07\/green-ports-mock-300x287.jpg\" class=\"attachment-medium size-medium\" alt=\"\" srcset=\"https:\/\/wydawnictwo.ug.edu.pl\/wp-content\/uploads\/2025\/07\/green-ports-mock-300x287.jpg 300w, https:\/\/wydawnictwo.ug.edu.pl\/wp-content\/uploads\/2025\/07\/green-ports-mock-768x735.jpg 768w, https:\/\/wydawnictwo.ug.edu.pl\/wp-content\/uploads\/2025\/07\/green-ports-mock-600x574.jpg 600w, https:\/\/wydawnictwo.ug.edu.pl\/wp-content\/uploads\/2025\/07\/green-ports-mock.jpg 978w\" sizes=\"(max-width: 300px) 100vw, 300px\" \/><\/a>\n\t\t\t<\/div><\/figure>\n\t\t<\/div>\n\n<p>Andrzej Paczoski,\u00a0<a href=\"https:\/\/wydawnictwo.ug.edu.pl\/produkt\/uwarunkowania-zroznicowan-gospodarczych-w-panstwach-unii-europejskiej\/\"><em>Uwarunkowania zr\u00f3\u017cnicowa\u0144 gospodarczych w pa\u0144stwach Unii Europejskiej<\/em><\/a><\/p>\n<p>Ksi\u0105\u017cka porusza temat r\u00f3\u017cnic gospodarczych w pa\u0144stwach Unii Europejskiej, wskazuj\u0105c ich \u017ar\u00f3d\u0142a zar\u00f3wno w czynnikach ekonomicznych, jak i historycznych, kulturowych czy prawnych. Autor zestawia wska\u017aniki makroekonomiczne z uwarunkowaniami trudnymi do uchwycenia statystycznie, oferuj\u0105c holistyczne spojrzenie na przyczyny r\u00f3\u017cnic w poziomie rozwoju. Publikacja stanowi cenny wk\u0142ad w badania nad wzrostem gospodarczym i finansami.<\/p>\n<p>Dominik Bie\u0144,\u00a0<a href=\"https:\/\/wydawnictwo.ug.edu.pl\/produkt\/rownosc-wolnosc-solidarnosc-mysl-polityczna-komitetu-obrony-robotnikow\/\"><em>R\u00f3wno\u015b\u0107, wolno\u015b\u0107, solidarno\u015b\u0107. My\u015bl polityczna Komitetu Obrony Robotnik\u00f3w<\/em><\/a><\/p>\n<p>Dominik Bie\u0144 podj\u0105\u0142 pr\u00f3b\u0119 rekonstrukcji my\u015bli politycznej Komitetu Obrony Robotnik\u00f3w w latach 1976-1980, analizuj\u0105c w ksi\u0105\u017cce zar\u00f3wno dokumenty organizacyjne, jak i publicystyk\u0119 oraz teksty i wypowiedzi czo\u0142owych przedstawicieli \u015brodowiska: Jacka Kuronia, Adama Michnika, Jana J\u00f3zefa Lipskiego i Antoniego Macierewicza.<\/p>\n<div id='gallery-3' class='gallery galleryid-43026 gallery-columns-2 gallery-size-medium'><figure class='gallery-item'>\n\t\t\t<div class='gallery-icon landscape'>\n\t\t\t\t<a href='https:\/\/wydawnictwo.ug.edu.pl\/wp-content\/uploads\/2025\/06\/Paczoski-Uwarunkowania-zroznicowan-mock.jpg'><img loading=\"lazy\" decoding=\"async\" width=\"300\" height=\"287\" src=\"https:\/\/wydawnictwo.ug.edu.pl\/wp-content\/uploads\/2025\/06\/Paczoski-Uwarunkowania-zroznicowan-mock-300x287.jpg\" class=\"attachment-medium size-medium\" alt=\"\" srcset=\"https:\/\/wydawnictwo.ug.edu.pl\/wp-content\/uploads\/2025\/06\/Paczoski-Uwarunkowania-zroznicowan-mock-300x287.jpg 300w, https:\/\/wydawnictwo.ug.edu.pl\/wp-content\/uploads\/2025\/06\/Paczoski-Uwarunkowania-zroznicowan-mock-768x735.jpg 768w, https:\/\/wydawnictwo.ug.edu.pl\/wp-content\/uploads\/2025\/06\/Paczoski-Uwarunkowania-zroznicowan-mock-600x574.jpg 600w, https:\/\/wydawnictwo.ug.edu.pl\/wp-content\/uploads\/2025\/06\/Paczoski-Uwarunkowania-zroznicowan-mock.jpg 978w\" sizes=\"(max-width: 300px) 100vw, 300px\" \/><\/a>\n\t\t\t<\/div><\/figure><figure class='gallery-item'>\n\t\t\t<div class='gallery-icon landscape'>\n\t\t\t\t<a href='https:\/\/wydawnictwo.ug.edu.pl\/wp-content\/uploads\/2025\/07\/Bien-Solidarnosc-mock.jpg'><img loading=\"lazy\" decoding=\"async\" width=\"300\" height=\"287\" src=\"https:\/\/wydawnictwo.ug.edu.pl\/wp-content\/uploads\/2025\/07\/Bien-Solidarnosc-mock-300x287.jpg\" class=\"attachment-medium size-medium\" alt=\"\" srcset=\"https:\/\/wydawnictwo.ug.edu.pl\/wp-content\/uploads\/2025\/07\/Bien-Solidarnosc-mock-300x287.jpg 300w, https:\/\/wydawnictwo.ug.edu.pl\/wp-content\/uploads\/2025\/07\/Bien-Solidarnosc-mock-768x735.jpg 768w, https:\/\/wydawnictwo.ug.edu.pl\/wp-content\/uploads\/2025\/07\/Bien-Solidarnosc-mock-600x574.jpg 600w, https:\/\/wydawnictwo.ug.edu.pl\/wp-content\/uploads\/2025\/07\/Bien-Solidarnosc-mock.jpg 978w\" sizes=\"(max-width: 300px) 100vw, 300px\" \/><\/a>\n\t\t\t<\/div><\/figure>\n\t\t<\/div>\n\n<div id=\"gallery-1\" class=\"gallery galleryid-34098 gallery-columns-3 gallery-size-full fbx-instance\"><\/div>\n","protected":false},"excerpt":{"rendered":"<p>Ju\u017c wkr\u00f3tce nak\u0142adem Wydawnictwa Uniwersytetu Gda\u0144skiego uka\u017c\u0105 si\u0119 poni\u017csze tytu\u0142y. Tomasz Bieli\u0144ski,\u00a0Mikromobilno\u015b\u0107 wsp\u00f3\u0142dzielona w Polsce. Rozw\u00f3j, zachowania transportowe, finansowanie Kompleksowa analiza rynku mikromobilno\u015bci wsp\u00f3\u0142dzielonej w Polsce przybli\u017caj\u0105ca ewolucj\u0119 system\u00f3w mikromobilno\u015bci, od ekspansji rower\u00f3w miejskich i hulajn\u00f3g, przez modele finansowania, po reakcje u\u017cytkownik\u00f3w opisane w oparciu o studia przypadku system\u00f3w wprowadzonych w Krakowie, Warszawie i Tr\u00f3jmie\u015bcie. [&hellip;]<\/p>\n","protected":false},"author":3954,"featured_media":43034,"comment_status":"closed","ping_status":"closed","sticky":false,"template":"","format":"standard","meta":{"_acf_changed":false,"footnotes":""},"categories":[1],"tags":[],"class_list":["post-43026","post","type-post","status-publish","format-standard","has-post-thumbnail","hentry","category-aktualnosci"],"acf":[],"_links":{"self":[{"href":"https:\/\/wydawnictwo.ug.edu.pl\/en\/wp-json\/wp\/v2\/posts\/43026","targetHints":{"allow":["GET"]}}],"collection":[{"href":"https:\/\/wydawnictwo.ug.edu.pl\/en\/wp-json\/wp\/v2\/posts"}],"about":[{"href":"https:\/\/wydawnictwo.ug.edu.pl\/en\/wp-json\/wp\/v2\/types\/post"}],"author":[{"embeddable":true,"href":"https:\/\/wydawnictwo.ug.edu.pl\/en\/wp-json\/wp\/v2\/users\/3954"}],"replies":[{"embeddable":true,"href":"https:\/\/wydawnictwo.ug.edu.pl\/en\/wp-json\/wp\/v2\/comments?post=43026"}],"version-history":[{"count":0,"href":"https:\/\/wydawnictwo.ug.edu.pl\/en\/wp-json\/wp\/v2\/posts\/43026\/revisions"}],"wp:featuredmedia":[{"embeddable":true,"href":"https:\/\/wydawnictwo.ug.edu.pl\/en\/wp-json\/wp\/v2\/media\/43034"}],"wp:attachment":[{"href":"https:\/\/wydawnictwo.ug.edu.pl\/en\/wp-json\/wp\/v2\/media?parent=43026"}],"wp:term":[{"taxonomy":"category","embeddable":true,"href":"https:\/\/wydawnictwo.ug.edu.pl\/en\/wp-json\/wp\/v2\/categories?post=43026"},{"taxonomy":"post_tag","embeddable":true,"href":"https:\/\/wydawnictwo.ug.edu.pl\/en\/wp-json\/wp\/v2\/tags?post=43026"}],"curies":[{"name":"wp","href":"https:\/\/api.w.org\/{rel}","templated":true}]}}