{"id":42925,"date":"2025-08-12T06:27:21","date_gmt":"2025-08-12T06:27:21","guid":{"rendered":"https:\/\/wydawnictwo.ug.edu.pl\/?p=42925"},"modified":"2025-08-12T06:27:21","modified_gmt":"2025-08-12T06:27:21","slug":"wydawnictwo-ug-na-festiwalu-literacki-sopot","status":"publish","type":"post","link":"https:\/\/wydawnictwo.ug.edu.pl\/en\/wydawnictwo-ug-na-festiwalu-literacki-sopot\/","title":{"rendered":"Wydawnictwo UG na Festiwalu Literacki Sopot"},"content":{"rendered":"<p data-start=\"229\" data-end=\"579\">W dniach 21\u201324 sierpnia 2025 roku zapraszamy do odwiedzenia stoiska Wydawnictwa Uniwersytetu Gda\u0144skiego podczas Targ\u00f3w Ksi\u0105\u017cki organizowanych w ramach\u00a0<a href=\"https:\/\/literackisopot.pl\/events\/\">Festiwalu Literacki Sopot<\/a>. Wydarzenie odb\u0119dzie si\u0119 przy Placu Przyjaci\u00f3\u0142 Sopotu, gdzie spotkaj\u0105 si\u0119 liczne polskie i zagraniczne oficyny, prezentuj\u0105c swoj\u0105 bogat\u0105 ofert\u0119 wydawnicz\u0105.<\/p>\n<p data-start=\"581\" data-end=\"888\">Na naszym stoisku b\u0119dzie mo\u017cna zapozna\u0107 si\u0119 z nowo\u015bciami oraz bestsellerami WUG, porozmawia\u0107 z naszym zespo\u0142em i zakupi\u0107 ksi\u0105\u017cki w atrakcyjnych cenach. To doskona\u0142a okazja, by odkry\u0107 literatur\u0119 popularnonaukow\u0105, publikacje naukowe oraz pozycje z zakresu kultury, historii i literatury \u2013 prosto od wydawcy.<\/p>\n<p data-start=\"890\" data-end=\"920\">Godziny otwarcia Targ\u00f3w:<\/p>\n<ul data-start=\"921\" data-end=\"1001\">\n<li data-start=\"921\" data-end=\"962\">\n<p data-start=\"923\" data-end=\"962\">21\u201323 sierpnia 2025 \u2013 11:00\u201320:00<\/p>\n<\/li>\n<li data-start=\"963\" data-end=\"1001\">\n<p data-start=\"965\" data-end=\"1001\">24 sierpnia 2025 \u2013 11:00\u201318:00<\/p>\n<\/li>\n<\/ul>\n<p data-start=\"1003\" data-end=\"1029\">Do zobaczenia w Sopocie!<\/p>\n","protected":false},"excerpt":{"rendered":"<p>W dniach 21\u201324 sierpnia 2025 roku zapraszamy do odwiedzenia stoiska Wydawnictwa Uniwersytetu Gda\u0144skiego podczas Targ\u00f3w Ksi\u0105\u017cki organizowanych w ramach\u00a0Festiwalu Literacki Sopot. Wydarzenie odb\u0119dzie si\u0119 przy Placu Przyjaci\u00f3\u0142 Sopotu, gdzie spotkaj\u0105 si\u0119 liczne polskie i zagraniczne oficyny, prezentuj\u0105c swoj\u0105 bogat\u0105 ofert\u0119 wydawnicz\u0105. Na naszym stoisku b\u0119dzie mo\u017cna zapozna\u0107 si\u0119 z nowo\u015bciami oraz bestsellerami WUG, porozmawia\u0107 z [&hellip;]<\/p>\n","protected":false},"author":3954,"featured_media":42926,"comment_status":"closed","ping_status":"closed","sticky":false,"template":"","format":"standard","meta":{"_acf_changed":false,"footnotes":""},"categories":[1],"tags":[],"class_list":["post-42925","post","type-post","status-publish","format-standard","has-post-thumbnail","hentry","category-aktualnosci"],"acf":[],"_links":{"self":[{"href":"https:\/\/wydawnictwo.ug.edu.pl\/en\/wp-json\/wp\/v2\/posts\/42925","targetHints":{"allow":["GET"]}}],"collection":[{"href":"https:\/\/wydawnictwo.ug.edu.pl\/en\/wp-json\/wp\/v2\/posts"}],"about":[{"href":"https:\/\/wydawnictwo.ug.edu.pl\/en\/wp-json\/wp\/v2\/types\/post"}],"author":[{"embeddable":true,"href":"https:\/\/wydawnictwo.ug.edu.pl\/en\/wp-json\/wp\/v2\/users\/3954"}],"replies":[{"embeddable":true,"href":"https:\/\/wydawnictwo.ug.edu.pl\/en\/wp-json\/wp\/v2\/comments?post=42925"}],"version-history":[{"count":0,"href":"https:\/\/wydawnictwo.ug.edu.pl\/en\/wp-json\/wp\/v2\/posts\/42925\/revisions"}],"wp:featuredmedia":[{"embeddable":true,"href":"https:\/\/wydawnictwo.ug.edu.pl\/en\/wp-json\/wp\/v2\/media\/42926"}],"wp:attachment":[{"href":"https:\/\/wydawnictwo.ug.edu.pl\/en\/wp-json\/wp\/v2\/media?parent=42925"}],"wp:term":[{"taxonomy":"category","embeddable":true,"href":"https:\/\/wydawnictwo.ug.edu.pl\/en\/wp-json\/wp\/v2\/categories?post=42925"},{"taxonomy":"post_tag","embeddable":true,"href":"https:\/\/wydawnictwo.ug.edu.pl\/en\/wp-json\/wp\/v2\/tags?post=42925"}],"curies":[{"name":"wp","href":"https:\/\/api.w.org\/{rel}","templated":true}]}}