{"id":42404,"date":"2025-07-22T11:12:41","date_gmt":"2025-07-22T11:12:41","guid":{"rendered":"https:\/\/wydawnictwo.ug.edu.pl\/?p=42404"},"modified":"2025-07-22T11:12:41","modified_gmt":"2025-07-22T11:12:41","slug":"prof-maciej-jonca-w-radiu-tok-fm","status":"publish","type":"post","link":"https:\/\/wydawnictwo.ug.edu.pl\/en\/prof-maciej-jonca-w-radiu-tok-fm\/","title":{"rendered":"Prof. Maciej Jo\u0144ca w Radiu TOK FM"},"content":{"rendered":"<p>Prof. Maciej Jo\u0144ca by\u0142 go\u015bciem Cezarego \u0141asiczki w <span class=\"html-span xdj266r x14z9mp xat24cr x1lziwak xexx8yu xyri2b x18d9i69 x1c1uobl x1hl2dhg x16tdsg8 x1vvkbs\"><span class=\"xt0psk2\"><span class=\"xjp7ctv\">Radiu TOK FM.<\/span><\/span><\/span> M\u00f3wi\u0142 m.in. o najnowszej publikacji <a href=\"https:\/\/wydawnictwo.ug.edu.pl\/produkt\/historia-prawa-w-przezroczach\/\"><em>Historia prawa w przezroczach<\/em><\/a>.<\/p>\n<p>Audycji OFF Czarek mo\u017cna wys\u0142ucha\u0107 na stronie <a href=\"https:\/\/audycje.tokfm.pl\/podcast\/178679,-Zrodla-prawa-nalezy-szukac-w-Biblii-Prawo-rzymskie-jest-drugie-O-Historii-prawa-w-przezroczach\">Radia<\/a>.<\/p>\n","protected":false},"excerpt":{"rendered":"<p>Prof. Maciej Jo\u0144ca by\u0142 go\u015bciem Cezarego \u0141asiczki w Radiu TOK FM. M\u00f3wi\u0142 m.in. o najnowszej publikacji Historia prawa w przezroczach. Audycji OFF Czarek mo\u017cna wys\u0142ucha\u0107 na stronie Radia.<\/p>\n","protected":false},"author":3954,"featured_media":42405,"comment_status":"closed","ping_status":"closed","sticky":false,"template":"","format":"standard","meta":{"_acf_changed":false,"footnotes":""},"categories":[6779],"tags":[],"class_list":["post-42404","post","type-post","status-publish","format-standard","has-post-thumbnail","hentry","category-w-prawie-i-mediach"],"acf":[],"_links":{"self":[{"href":"https:\/\/wydawnictwo.ug.edu.pl\/en\/wp-json\/wp\/v2\/posts\/42404","targetHints":{"allow":["GET"]}}],"collection":[{"href":"https:\/\/wydawnictwo.ug.edu.pl\/en\/wp-json\/wp\/v2\/posts"}],"about":[{"href":"https:\/\/wydawnictwo.ug.edu.pl\/en\/wp-json\/wp\/v2\/types\/post"}],"author":[{"embeddable":true,"href":"https:\/\/wydawnictwo.ug.edu.pl\/en\/wp-json\/wp\/v2\/users\/3954"}],"replies":[{"embeddable":true,"href":"https:\/\/wydawnictwo.ug.edu.pl\/en\/wp-json\/wp\/v2\/comments?post=42404"}],"version-history":[{"count":0,"href":"https:\/\/wydawnictwo.ug.edu.pl\/en\/wp-json\/wp\/v2\/posts\/42404\/revisions"}],"wp:featuredmedia":[{"embeddable":true,"href":"https:\/\/wydawnictwo.ug.edu.pl\/en\/wp-json\/wp\/v2\/media\/42405"}],"wp:attachment":[{"href":"https:\/\/wydawnictwo.ug.edu.pl\/en\/wp-json\/wp\/v2\/media?parent=42404"}],"wp:term":[{"taxonomy":"category","embeddable":true,"href":"https:\/\/wydawnictwo.ug.edu.pl\/en\/wp-json\/wp\/v2\/categories?post=42404"},{"taxonomy":"post_tag","embeddable":true,"href":"https:\/\/wydawnictwo.ug.edu.pl\/en\/wp-json\/wp\/v2\/tags?post=42404"}],"curies":[{"name":"wp","href":"https:\/\/api.w.org\/{rel}","templated":true}]}}