{"id":42320,"date":"2025-07-17T11:56:25","date_gmt":"2025-07-17T11:56:25","guid":{"rendered":"https:\/\/wydawnictwo.ug.edu.pl\/?p=42320"},"modified":"2026-02-05T11:31:50","modified_gmt":"2026-02-05T11:31:50","slug":"co-najchetniej-czytalismy-w-lipcu-top-ksiazka-miesiaca","status":"publish","type":"post","link":"https:\/\/wydawnictwo.ug.edu.pl\/en\/co-najchetniej-czytalismy-w-lipcu-top-ksiazka-miesiaca\/","title":{"rendered":"Co najch\u0119tniej czytali\u015bmy w lipcu? Top \u2013 ksi\u0105\u017cka miesi\u0105ca"},"content":{"rendered":"<p>Co najch\u0119tniej czytali\u015bmy w lipcu? Poni\u017cej przedstawiamy trzy najlepiej sprzedaj\u0105ce si\u0119 tytu\u0142y:<\/p>\n<ol>\n<li><a href=\"https:\/\/wydawnictwo.ug.edu.pl\/produkt\/gdansk-atlas-historyczny-miast-polskich-tom-i-prusy-krolewskie-i-warmia-z-9\/\"><em>Gda\u0144sk. Atlas Historyczny Miast Polskich. Tom I: Prusy Kr\u00f3lewskie i Warmia<\/em><\/a>, z. 9, red. Wies\u0142aw D\u0142ugok\u0119cki<\/li>\n<li>Rafa\u0142 Kr\u00f3l, <a href=\"https:\/\/wydawnictwo.ug.edu.pl\/produkt\/25-500\/\"><em>25 500<\/em><\/a><\/li>\n<li>Anna Paner, <a href=\"https:\/\/wydawnictwo.ug.edu.pl\/produkt\/ksiazeta-i-krolowie-czescy-przemyslidzi-872-1306\/\"><em>Ksi\u0105\u017c\u0119ta i kr\u00f3lowie czescy. Przemy\u015blidzi 872\u20131306. Dzieje polityczne<\/em><\/a><br \/>\n<div id='gallery-1' class='gallery galleryid-42320 gallery-columns-3 gallery-size-thumbnail'><figure class='gallery-item'>\n\t\t\t<div class='gallery-icon landscape'>\n\t\t\t\t<a href='https:\/\/wydawnictwo.ug.edu.pl\/en\/?attachment_id=30626'><img decoding=\"async\" width=\"150\" height=\"150\" src=\"https:\/\/wydawnictwo.ug.edu.pl\/wp-content\/uploads\/2024\/10\/Dlugokecki-Atlas-historyczny-Gdanska-mock-150x150.png\" class=\"attachment-thumbnail size-thumbnail\" alt=\"\" srcset=\"https:\/\/wydawnictwo.ug.edu.pl\/wp-content\/uploads\/2024\/10\/Dlugokecki-Atlas-historyczny-Gdanska-mock-150x150.png 150w, https:\/\/wydawnictwo.ug.edu.pl\/wp-content\/uploads\/2024\/10\/Dlugokecki-Atlas-historyczny-Gdanska-mock-600x600.png 600w, https:\/\/wydawnictwo.ug.edu.pl\/wp-content\/uploads\/2024\/10\/Dlugokecki-Atlas-historyczny-Gdanska-mock-100x100.png 100w, https:\/\/wydawnictwo.ug.edu.pl\/wp-content\/uploads\/2024\/10\/Dlugokecki-Atlas-historyczny-Gdanska-mock-85x85.png 85w, https:\/\/wydawnictwo.ug.edu.pl\/wp-content\/uploads\/2024\/10\/Dlugokecki-Atlas-historyczny-Gdanska-mock-32x32.png 32w\" sizes=\"(max-width: 150px) 100vw, 150px\" \/><\/a>\n\t\t\t<\/div><\/figure><figure class='gallery-item'>\n\t\t\t<div class='gallery-icon landscape'>\n\t\t\t\t<a href='https:\/\/wydawnictwo.ug.edu.pl\/en\/?attachment_id=15431'><img decoding=\"async\" width=\"150\" height=\"150\" src=\"https:\/\/wydawnictwo.ug.edu.pl\/wp-content\/uploads\/2021\/09\/Krol-25500-3Dn-150x150.jpg\" class=\"attachment-thumbnail size-thumbnail\" alt=\"\" srcset=\"https:\/\/wydawnictwo.ug.edu.pl\/wp-content\/uploads\/2021\/09\/Krol-25500-3Dn-150x150.jpg 150w, https:\/\/wydawnictwo.ug.edu.pl\/wp-content\/uploads\/2021\/09\/Krol-25500-3Dn-600x600.jpg 600w, https:\/\/wydawnictwo.ug.edu.pl\/wp-content\/uploads\/2021\/09\/Krol-25500-3Dn-100x100.jpg 100w, https:\/\/wydawnictwo.ug.edu.pl\/wp-content\/uploads\/2021\/09\/Krol-25500-3Dn-85x85.jpg 85w, https:\/\/wydawnictwo.ug.edu.pl\/wp-content\/uploads\/2021\/09\/Krol-25500-3Dn-32x32.jpg 32w\" sizes=\"(max-width: 150px) 100vw, 150px\" \/><\/a>\n\t\t\t<\/div><\/figure><figure class='gallery-item'>\n\t\t\t<div class='gallery-icon landscape'>\n\t\t\t\t<a href='https:\/\/wydawnictwo.ug.edu.pl\/en\/?attachment_id=28595'><img decoding=\"async\" width=\"150\" height=\"150\" src=\"https:\/\/wydawnictwo.ug.edu.pl\/wp-content\/uploads\/2024\/04\/Paner-Ksiazeta-i-Krolowie-Czescy-Przemyslidzi-150x150.png\" class=\"attachment-thumbnail size-thumbnail\" alt=\"\" srcset=\"https:\/\/wydawnictwo.ug.edu.pl\/wp-content\/uploads\/2024\/04\/Paner-Ksiazeta-i-Krolowie-Czescy-Przemyslidzi-150x150.png 150w, https:\/\/wydawnictwo.ug.edu.pl\/wp-content\/uploads\/2024\/04\/Paner-Ksiazeta-i-Krolowie-Czescy-Przemyslidzi-600x600.png 600w, https:\/\/wydawnictwo.ug.edu.pl\/wp-content\/uploads\/2024\/04\/Paner-Ksiazeta-i-Krolowie-Czescy-Przemyslidzi-100x100.png 100w, https:\/\/wydawnictwo.ug.edu.pl\/wp-content\/uploads\/2024\/04\/Paner-Ksiazeta-i-Krolowie-Czescy-Przemyslidzi-85x85.png 85w, https:\/\/wydawnictwo.ug.edu.pl\/wp-content\/uploads\/2024\/04\/Paner-Ksiazeta-i-Krolowie-Czescy-Przemyslidzi-32x32.png 32w\" sizes=\"(max-width: 150px) 100vw, 150px\" \/><\/a>\n\t\t\t<\/div><\/figure>\n\t\t<\/div>\n<\/li>\n<\/ol>\n","protected":false},"excerpt":{"rendered":"<p>Co najch\u0119tniej czytali\u015bmy w lipcu? Poni\u017cej przedstawiamy trzy najlepiej sprzedaj\u0105ce si\u0119 tytu\u0142y: Gda\u0144sk. Atlas Historyczny Miast Polskich. Tom I: Prusy Kr\u00f3lewskie i Warmia, z. 9, red. Wies\u0142aw D\u0142ugok\u0119cki Rafa\u0142 Kr\u00f3l, 25 500 Anna Paner, Ksi\u0105\u017c\u0119ta i kr\u00f3lowie czescy. Przemy\u015blidzi 872\u20131306. Dzieje polityczne<\/p>\n","protected":false},"author":3954,"featured_media":47162,"comment_status":"closed","ping_status":"closed","sticky":false,"template":"","format":"standard","meta":{"_acf_changed":false,"footnotes":""},"categories":[1],"tags":[],"class_list":["post-42320","post","type-post","status-publish","format-standard","has-post-thumbnail","hentry","category-aktualnosci"],"acf":[],"_links":{"self":[{"href":"https:\/\/wydawnictwo.ug.edu.pl\/en\/wp-json\/wp\/v2\/posts\/42320","targetHints":{"allow":["GET"]}}],"collection":[{"href":"https:\/\/wydawnictwo.ug.edu.pl\/en\/wp-json\/wp\/v2\/posts"}],"about":[{"href":"https:\/\/wydawnictwo.ug.edu.pl\/en\/wp-json\/wp\/v2\/types\/post"}],"author":[{"embeddable":true,"href":"https:\/\/wydawnictwo.ug.edu.pl\/en\/wp-json\/wp\/v2\/users\/3954"}],"replies":[{"embeddable":true,"href":"https:\/\/wydawnictwo.ug.edu.pl\/en\/wp-json\/wp\/v2\/comments?post=42320"}],"version-history":[{"count":1,"href":"https:\/\/wydawnictwo.ug.edu.pl\/en\/wp-json\/wp\/v2\/posts\/42320\/revisions"}],"predecessor-version":[{"id":47164,"href":"https:\/\/wydawnictwo.ug.edu.pl\/en\/wp-json\/wp\/v2\/posts\/42320\/revisions\/47164"}],"wp:featuredmedia":[{"embeddable":true,"href":"https:\/\/wydawnictwo.ug.edu.pl\/en\/wp-json\/wp\/v2\/media\/47162"}],"wp:attachment":[{"href":"https:\/\/wydawnictwo.ug.edu.pl\/en\/wp-json\/wp\/v2\/media?parent=42320"}],"wp:term":[{"taxonomy":"category","embeddable":true,"href":"https:\/\/wydawnictwo.ug.edu.pl\/en\/wp-json\/wp\/v2\/categories?post=42320"},{"taxonomy":"post_tag","embeddable":true,"href":"https:\/\/wydawnictwo.ug.edu.pl\/en\/wp-json\/wp\/v2\/tags?post=42320"}],"curies":[{"name":"wp","href":"https:\/\/api.w.org\/{rel}","templated":true}]}}