{"id":42281,"date":"2025-07-16T13:37:12","date_gmt":"2025-07-16T13:37:12","guid":{"rendered":"https:\/\/wydawnictwo.ug.edu.pl\/?p=42281"},"modified":"2025-07-29T12:18:37","modified_gmt":"2025-07-29T12:18:37","slug":"wydawnictwo-uniwersytetu-gdanskiego-na-v-kongresie-mlodej-nauki","status":"publish","type":"post","link":"https:\/\/wydawnictwo.ug.edu.pl\/en\/wydawnictwo-uniwersytetu-gdanskiego-na-v-kongresie-mlodej-nauki\/","title":{"rendered":"Wydawnictwo Uniwersytetu Gda\u0144skiego na V Kongresie M\u0142odej Nauki"},"content":{"rendered":"<p data-start=\"156\" data-end=\"375\">W dniach 17\u201319 lipca 2025 r. na Uniwersytecie Gda\u0144skim odb\u0119dzie si\u0119 V Mi\u0119dzynarodowa Konferencja Naukowa \u201eKongres M\u0142odej Nauki\u201d. To jedno z najwi\u0119kszych wydarze\u0144 w kraju dedykowanych m\u0142odym badaczom i badaczkom.<\/p>\n<p data-start=\"377\" data-end=\"705\">W trakcie kilkudziesi\u0119ciu paneli uczestnicy zaprezentuj\u0105 wyniki swoich bada\u0144, poddadz\u0105 je naukowej dyskusji i b\u0119d\u0105 mieli okazj\u0119 do nawi\u0105zania warto\u015bciowych kontakt\u00f3w oraz wymiany do\u015bwiadcze\u0144. Tematyka wyst\u0105pie\u0144 obejmuje szerokie spektrum dziedzin \u2013 od nauk \u015bcis\u0142ych i eksperymentalnych, po humanistyk\u0119, nauki spo\u0142eczne i sztuk\u0119.<\/p>\n<p data-start=\"707\" data-end=\"854\">Wydawnictwo Uniwersytetu Gda\u0144skiego zaprasza na swoje stoisko na Wydziale Nauk Spo\u0142ecznych UG. B\u0119dziemy dost\u0119pni 18 lipca (pi\u0105tek) w godzinach 9:00\u201317:00.<\/p>\n<p data-start=\"856\" data-end=\"1034\" data-is-last-node=\"\" data-is-only-node=\"\">Na miejscu b\u0119dzie mo\u017cna zapozna\u0107 si\u0119 z nasz\u0105 ofert\u0105 wydawnicz\u0105. Serdecznie zapraszamy!<\/p>\n","protected":false},"excerpt":{"rendered":"<p>W dniach 17\u201319 lipca 2025 r. na Uniwersytecie Gda\u0144skim odb\u0119dzie si\u0119 V Mi\u0119dzynarodowa Konferencja Naukowa \u201eKongres M\u0142odej Nauki\u201d. To jedno z najwi\u0119kszych wydarze\u0144 w kraju dedykowanych m\u0142odym badaczom i badaczkom. W trakcie kilkudziesi\u0119ciu paneli uczestnicy zaprezentuj\u0105 wyniki swoich bada\u0144, poddadz\u0105 je naukowej dyskusji i b\u0119d\u0105 mieli okazj\u0119 do nawi\u0105zania warto\u015bciowych kontakt\u00f3w oraz wymiany do\u015bwiadcze\u0144. Tematyka [&hellip;]<\/p>\n","protected":false},"author":3954,"featured_media":42282,"comment_status":"closed","ping_status":"closed","sticky":false,"template":"","format":"standard","meta":{"_acf_changed":false,"footnotes":""},"categories":[1],"tags":[],"class_list":["post-42281","post","type-post","status-publish","format-standard","has-post-thumbnail","hentry","category-aktualnosci"],"acf":[],"_links":{"self":[{"href":"https:\/\/wydawnictwo.ug.edu.pl\/en\/wp-json\/wp\/v2\/posts\/42281","targetHints":{"allow":["GET"]}}],"collection":[{"href":"https:\/\/wydawnictwo.ug.edu.pl\/en\/wp-json\/wp\/v2\/posts"}],"about":[{"href":"https:\/\/wydawnictwo.ug.edu.pl\/en\/wp-json\/wp\/v2\/types\/post"}],"author":[{"embeddable":true,"href":"https:\/\/wydawnictwo.ug.edu.pl\/en\/wp-json\/wp\/v2\/users\/3954"}],"replies":[{"embeddable":true,"href":"https:\/\/wydawnictwo.ug.edu.pl\/en\/wp-json\/wp\/v2\/comments?post=42281"}],"version-history":[{"count":0,"href":"https:\/\/wydawnictwo.ug.edu.pl\/en\/wp-json\/wp\/v2\/posts\/42281\/revisions"}],"wp:featuredmedia":[{"embeddable":true,"href":"https:\/\/wydawnictwo.ug.edu.pl\/en\/wp-json\/wp\/v2\/media\/42282"}],"wp:attachment":[{"href":"https:\/\/wydawnictwo.ug.edu.pl\/en\/wp-json\/wp\/v2\/media?parent=42281"}],"wp:term":[{"taxonomy":"category","embeddable":true,"href":"https:\/\/wydawnictwo.ug.edu.pl\/en\/wp-json\/wp\/v2\/categories?post=42281"},{"taxonomy":"post_tag","embeddable":true,"href":"https:\/\/wydawnictwo.ug.edu.pl\/en\/wp-json\/wp\/v2\/tags?post=42281"}],"curies":[{"name":"wp","href":"https:\/\/api.w.org\/{rel}","templated":true}]}}