{"id":40506,"date":"2025-05-23T13:14:35","date_gmt":"2025-05-23T13:14:35","guid":{"rendered":"https:\/\/wydawnictwo.ug.edu.pl\/?p=40506"},"modified":"2025-07-29T06:07:23","modified_gmt":"2025-07-29T06:07:23","slug":"wernisaz-wystawy-are-komorebi","status":"publish","type":"post","link":"https:\/\/wydawnictwo.ug.edu.pl\/en\/wernisaz-wystawy-are-komorebi\/","title":{"rendered":"Wernisa\u017c wystawy \u201eAre \u2013 Komorebi\u201d"},"content":{"rendered":"<div class=\"col-12\">\n<div class=\"related-image\">Wernisa\u017c wystawy \u201eAre \u2013 Komorebi\u201d, organizowanej w ramach II edycji Festiwalu Kultury Azjatyckiej Norifest, ju\u017c za nami!<\/div>\n<\/div>\n<div class=\"col-12\">\n<div class=\"content-loop\">\n<p>Unikalne spojrzenie na Japoni\u0119 w obiektywie Przemys\u0142awa Rybi\u0144skiego mo\u017cna podziwia\u0107 do 30 czerwca w galerii Palarnia na Wydziale Prawa i Administracji Uniwersytetu Gda\u0144skiego.<\/p>\n<p>Dzi\u0119kujemy za Wasz\u0105 obecno\u015b\u0107!<\/p>\n<p>Fot. Milena Szabat<\/p>\n<\/div>\n<\/div>\n","protected":false},"excerpt":{"rendered":"<p>Wernisa\u017c wystawy \u201eAre \u2013 Komorebi\u201d, organizowanej w ramach II edycji Festiwalu Kultury Azjatyckiej Norifest, ju\u017c za nami! Unikalne spojrzenie na Japoni\u0119 w obiektywie Przemys\u0142awa Rybi\u0144skiego mo\u017cna podziwia\u0107 do 30 czerwca w galerii Palarnia na Wydziale Prawa i Administracji Uniwersytetu Gda\u0144skiego. Dzi\u0119kujemy za Wasz\u0105 obecno\u015b\u0107! Fot. Milena Szabat<\/p>\n","protected":false},"author":3954,"featured_media":40533,"comment_status":"closed","ping_status":"closed","sticky":false,"template":"","format":"standard","meta":{"_acf_changed":false,"footnotes":""},"categories":[6793,6666],"tags":[],"class_list":["post-40506","post","type-post","status-publish","format-standard","has-post-thumbnail","hentry","category-galerie","category-wydarzenia"],"acf":[],"_links":{"self":[{"href":"https:\/\/wydawnictwo.ug.edu.pl\/en\/wp-json\/wp\/v2\/posts\/40506","targetHints":{"allow":["GET"]}}],"collection":[{"href":"https:\/\/wydawnictwo.ug.edu.pl\/en\/wp-json\/wp\/v2\/posts"}],"about":[{"href":"https:\/\/wydawnictwo.ug.edu.pl\/en\/wp-json\/wp\/v2\/types\/post"}],"author":[{"embeddable":true,"href":"https:\/\/wydawnictwo.ug.edu.pl\/en\/wp-json\/wp\/v2\/users\/3954"}],"replies":[{"embeddable":true,"href":"https:\/\/wydawnictwo.ug.edu.pl\/en\/wp-json\/wp\/v2\/comments?post=40506"}],"version-history":[{"count":0,"href":"https:\/\/wydawnictwo.ug.edu.pl\/en\/wp-json\/wp\/v2\/posts\/40506\/revisions"}],"wp:featuredmedia":[{"embeddable":true,"href":"https:\/\/wydawnictwo.ug.edu.pl\/en\/wp-json\/wp\/v2\/media\/40533"}],"wp:attachment":[{"href":"https:\/\/wydawnictwo.ug.edu.pl\/en\/wp-json\/wp\/v2\/media?parent=40506"}],"wp:term":[{"taxonomy":"category","embeddable":true,"href":"https:\/\/wydawnictwo.ug.edu.pl\/en\/wp-json\/wp\/v2\/categories?post=40506"},{"taxonomy":"post_tag","embeddable":true,"href":"https:\/\/wydawnictwo.ug.edu.pl\/en\/wp-json\/wp\/v2\/tags?post=40506"}],"curies":[{"name":"wp","href":"https:\/\/api.w.org\/{rel}","templated":true}]}}