{"id":23022,"date":"2023-01-18T14:23:33","date_gmt":"2023-01-18T14:23:33","guid":{"rendered":"https:\/\/wydawnictwo.ug.edu.pl\/?p=23022"},"modified":"2023-01-31T11:15:24","modified_gmt":"2023-01-31T11:15:24","slug":"23022","status":"publish","type":"post","link":"https:\/\/wydawnictwo.ug.edu.pl\/en\/23022\/","title":{"rendered":"Podsumowanie roku 2022 w Wydawnictwie Uniwersytetu Gda\u0144skiego"},"content":{"rendered":"<p>Rok 2022 by\u0142 dla Wydawnictwa Uniwersytetu Gda\u0144skiego czasem intensywnej pracy nad publikacj\u0105 nowych tytu\u0142\u00f3w, ich promocj\u0105 oraz organizacj\u0105 wydarze\u0144 kulturalnych i naukowych. W tym okresie podj\u0119li\u015bmy nowe inicjatywy i zako\u0144czyli\u015bmy d\u0142ugoterminowe projekty (m.in. w maju uda\u0142o nam si\u0119 otworzy\u0107 Ksi\u0119garni\u0119 Uniwersyteck\u0105 na Wydziale Nauk Spo\u0142ecznych Uniwersytetu Gda\u0144skiego!), a tak\u017ce intensywnie wsp\u00f3\u0142pracowali\u015bmy z r\u00f3\u017cnorodnymi instytucjami, zar\u00f3wno przy wydaniu ksi\u0105\u017cek, jak i przy tworzeniu wystaw, festiwali czy konferencji naukowych. Jak zawsze wspierali\u015bmy naszych autor\u00f3w na ka\u017cdym etapie procesu wydawniczego \u2013 od z\u0142o\u017cenia ksi\u0105\u017cki do redakcji po promocj\u0119 ju\u017c po publikacji. Jeste\u015bmy dumni z ich osi\u0105gni\u0119\u0107, przyznanych ich ksi\u0105\u017ckom wyr\u00f3\u017cnie\u0144 i nagr\u00f3d.<\/p>\n<p>Oto podsumowanie 2022 roku w Wydawnictwie Uniwersytetu Gda\u0144skiego.<\/p>\n<p>&nbsp;<\/p>\n<p style=\"text-align: center;\"><strong>NAGRODY<\/strong><\/p>\n<p><strong>MARZEC<\/strong><\/p>\n<p>Ksi\u0105\u017cka Zbigniewa Opackiego <a href=\"https:\/\/wydawnictwo.ug.edu.pl\/produkt\/wydzial-humanistyczny-uniwersytetu-stefana-batorego-w-wilnie-1919-1939\/\"><em>Wydzia\u0142 Humanistyczny Uniwersytetu Stefana Batorego w Wilnie 1919\u20131939<\/em><\/a> zosta\u0142a wyr\u00f3\u017cniona Nagrod\u0105 \u201ePrzegl\u0105du Wschodniego\u201d im. Aleksandra Gieysztora. By\u0142a to ju\u017c XXIX edycja nagrody przyznawanej przez kwartalnik \u201ePrzegl\u0105d Wschodni\u201d najlepszej ksi\u0105\u017cce naukowej o tematyce wschodnioeuropejskiej wydanej w Polsce lub za granic\u0105.<\/p>\n<p><strong>MAJ<\/strong><\/p>\n<p>Ksi\u0105\u017cka Paw\u0142a Bili\u0144skiego <a href=\"https:\/\/wydawnictwo.ug.edu.pl\/produkt\/kinematograf-o-sobie-autotematyzm-w-polskim-filmie-fabularnym\/\"><em>Kinematograf o sobie. Autotematyzm w polskim filmie fabularnym<\/em><\/a> otrzyma\u0142a wyr\u00f3\u017cnienie w konkursie Polskiej Akademii Nauk w kategorii najlepsza praca tw\u00f3rcza w zakresie nauk humanistycznych i spo\u0142ecznych.<\/p>\n<p><strong>CZERWIEC<\/strong><\/p>\n<p>Ksi\u0105\u017cka Macieja Wojciechowskiego <a href=\"https:\/\/wydawnictwo.ug.edu.pl\/produkt\/spory-sedziowskie-zdania-odrebne-w-polskich-sadach\/\"><em>Spory s\u0119dziowskie. Zdania odr\u0119bne w polskich s\u0105dach<\/em><\/a> zdoby\u0142a I nagrod\u0119 w LVII edycji presti\u017cowego konkursu miesi\u0119cznika \u201e<a href=\"https:\/\/www.wolterskluwer.com\/pl-pl\/solutions\/czasopisma\/panstwo-i-prawo\">Pa\u0144stwo i Prawo<\/a>\u201d na najlepsze rozprawy habilitacyjne.<\/p>\n<p><strong>LIPIEC<\/strong><\/p>\n<p>Trzytomowa monografia Magdaleny Sachy <a href=\"https:\/\/wydawnictwo.ug.edu.pl\/produkt\/zestaw-edukacja-kobiet-na-pomorzu-gdanskim-w-poczatkach-xix-wieku\/\"><em>Edukacja kobiet na Pomorzu Gda\u0144skim w pocz\u0105tkach XIX wieku<\/em><\/a> zosta\u0142a nagrodzona na Ko\u015bcierskich Targach Ksi\u0105\u017cki Kaszubskiej i Pomorskiej \u201eCosterina\u201d. Cz\u0142onkowie komisji docenili projekt graficzny ok\u0142adki oraz stworzone przez Patrycj\u0119 Orzechowsk\u0105 opracowanie edytorskie.<\/p>\n<p>Ksi\u0105\u017cka Katarzyny Kami\u0144skiej-Korolczuk <a href=\"https:\/\/wydawnictwo.ug.edu.pl\/produkt\/polityka-i-media-a-kryzys-zaufania-polityka-informacyjna-mocarstw-w-czasie-zagrozenia\/\"><em>Polityka i media a kryzys zaufania. Polityka informacyjna mocarstw w czasie zagro\u017cenia<\/em><\/a> zosta\u0142a nagrodzona w konkursie o <a href=\"https:\/\/www.gov.pl\/web\/krrit\/o-nagrodzie\">Nagrod\u0119 im. dr. Paw\u0142a St\u0119pki<\/a> dla najlepszej rozprawy doktorskiej oraz wydawnictwa z dziedziny medi\u00f3w elektronicznych, organizowanym przez <a href=\"https:\/\/www.gov.pl\/web\/krrit\">Krajow\u0105 Rad\u0119 Radiofonii i Telewizji<\/a>, Wydzia\u0142 Dziennikarstwa, Informacji i Bibliologii Uniwersytetu Warszawskiego oraz Wydzia\u0142 Nauk Politycznych i Studi\u00f3w Mi\u0119dzynarodowych Uniwersytetu Warszawskiego.<\/p>\n<p><strong>WRZESIE\u0143<\/strong><\/p>\n<p>Kolegium Redakcyjne Wydawnictwa Uniwersytetu Gda\u0144skiego wskaza\u0142o zwyci\u0119zc\u00f3w dziewi\u0105tej edycji <a href=\"https:\/\/wydawnictwo.ug.edu.pl\/nominacje-i-nagrody\/nagroda\/rozstrzygniecie-konkursu-wydawnictwa-uniwersytetu-gdanskiego-2020\/\">Konkursu na najlepsz\u0105 ksi\u0105\u017ck\u0119 naukow\u0105, dydaktyczn\u0105 i przedstawiaj\u0105c\u0105 rezultaty pracy doktorskiej<\/a> wydan\u0105 w Wydawnictwie Uniwersytetu Gda\u0144skiego w roku 2021. W\u015br\u00f3d zg\u0142osze\u0144 znalaz\u0142y si\u0119 ksi\u0105\u017cki o tematyce prawniczej, ekonomicznej, historycznej, literaturoznawczej, j\u0119zykoznawczej czy geograficzno-przyrodniczej. Przedstawiamy zwyci\u0119zc\u00f3w nast\u0119puj\u0105cych kategorii.<\/p>\n<h5>Najlepsza ksi\u0105\u017cka naukowa<\/h5>\n<ul>\n<li>I miejsce: Anna \u017begli\u0144ska, <a href=\"https:\/\/wydawnictwo.ug.edu.pl\/produkt\/finckensteinowie-wschodniopruscy-i-ich-archiwa\/\"><em>Finckensteinowie wschodniopruscy i ich archiwa<\/em><\/a><\/li>\n<li>II miejsce: Pawe\u0142 Gali\u0144ski, <a href=\"https:\/\/wydawnictwo.ug.edu.pl\/produkt\/zagrozenie-fiskalne-jednostek-samorzadu-terytorialnego-uwarunkowania-pomiar-ograniczanie\/\"><em>Zagro\u017cenie fiskalne jednostek samorz\u0105du terytorialnego. Uwarunkowania, pomiar, ograniczanie<\/em><\/a><\/li>\n<li>III miejsce: Janina Ciechanowicz-McLean, <a href=\"https:\/\/wydawnictwo.ug.edu.pl\/produkt\/globalne-prawo-srodowiska-podstawowe-zagadnienia\/\"><em>Globalne prawo ochrony \u015brodowiska<\/em><\/a><\/li>\n<\/ul>\n<h5>Najlepsza ksi\u0105\u017cka dydaktyczna<\/h5>\n<ul>\n<li>I miejsce: <a href=\"https:\/\/wydawnictwo.ug.edu.pl\/produkt\/dobre-praktyki-w-nauczaniu-na-studiach-prawniczych\/\"><em>Dobre praktyki w nauczaniu na studiach prawniczych<\/em><\/a>, red. M. Balwicka-Szczyrba, J. Kruczalak-Jankowska<\/li>\n<\/ul>\n<h5>Najlepsza ksi\u0105\u017cka przedstawiaj\u0105ca rezultaty pracy doktorskiej<\/h5>\n<ul>\n<li>I miejsce: Patryk Kaczmarek, <a href=\"https:\/\/wydawnictwo.ug.edu.pl\/produkt\/proces-regulacji-sektora-bankowego-w-szwajcarii-w-ramach-demokracji-bezposredniej-i-systemu-federalnego-szczegolna-rola-szwajcarskiej-rady-nadzoru-rynku-finansowego-finma\/\"><em>Proces regulacji sektora bankowego w Szwajcarii w ramach demokracji bezpo\u015bredniej i systemu federalnego<\/em><\/a><\/li>\n<li>II miejsce: Andrzej Mo\u015b, <a href=\"https:\/\/wydawnictwo.ug.edu.pl\/produkt\/zasady-relacji-miedzy-rzeczapospolita-polska-a-kosciolem-katolickim-w-zakresie-ochrony-koscielnych-dobr-kultury\/\"><em>Zasady relacji mi\u0119dzy Rzecz\u0105pospolit\u0105 Polsk\u0105 a Ko\u015bcio\u0142em katolickim w zakresie ochrony ko\u015bcielnych d\u00f3br kultury<\/em><\/a><\/li>\n<li>III miejsce: Marta Cebera, <a href=\"https:\/\/wydawnictwo.ug.edu.pl\/produkt\/sztuka-aktorska-aleksandry-slaskiej\/\"><em>Sztuka aktorska Aleksandry \u015al\u0105skiej<\/em><\/a><\/li>\n<\/ul>\n<p>Nagrody zosta\u0142y wr\u0119czone laureatom podczas wydzia\u0142owych inauguracji roku akademickiego 2022\/2023.<\/p>\n<p><strong>PA\u0179DZIERNIK<\/strong><\/p>\n<p>Ksi\u0105\u017cki <a href=\"https:\/\/wydawnictwo.ug.edu.pl\/produkt\/gdanskie-slady-szekspira-echoes-of-shakespeare-in-gdansk-chodowiecki-limon\/\"><em>Gda\u0144skie \u015blady Szekspira. Echoes of Shakespeare in Gda\u0144sk: Chodowiecki &amp; Limon<\/em><\/a> pod redakcj\u0105 Piotra Stepnowskiego i Joanny Kamie\u0144 oraz <a href=\"https:\/\/wydawnictwo.ug.edu.pl\/produkt\/odysseia\/\"><em>Odysseja<\/em><\/a> Homera w przek\u0142adzie Wac\u0142awa Dawidowicza otrzyma\u0142y wyr\u00f3\u017cnienia w konkursie Gaudeamus \u2013 nagroda SWSW 2022. Obie publikacje zosta\u0142y docenione za szczeg\u00f3lne walory edytorskie.<\/p>\n<p><strong>LISTOPAD<\/strong><\/p>\n<p>Ksi\u0105\u017cka Andrzeja Mosia <a href=\"https:\/\/wydawnictwo.ug.edu.pl\/produkt\/zasady-relacji-miedzy-rzeczapospolita-polska-a-kosciolem-katolickim-w-zakresie-ochrony-koscielnych-dobr-kultury\/\"><em>Zasady relacji mi\u0119dzy Rzecz\u0105pospolit\u0105 Polsk\u0105 a Ko\u015bcio\u0142em katolickim w zakresie ochrony ko\u015bcielnych d\u00f3br kultury<\/em><\/a> zosta\u0142a nagrodzona w <a href=\"http:\/\/www.skz.pl\/skz_files\/nagrody\/konkurs_gkz_laureaci_2022.php\">Konkursie Generalnego Konserwatora Zabytk\u00f3w i Zarz\u0105du G\u0142\u00f3wnego Stowarzyszenia Konserwator\u00f3w Zabytk\u00f3w<\/a> 2022 na najlepsze prace studialne naukowe oraz popularyzatorskie dotycz\u0105ce ochrony zabytk\u00f3w i muzealnictwa.<\/p>\n<div id='gallery-1' class='gallery galleryid-23022 gallery-columns-6 gallery-size-thumbnail'><figure class='gallery-item'>\n\t\t\t<div class='gallery-icon landscape'>\n\t\t\t\t<a href='https:\/\/wydawnictwo.ug.edu.pl\/wp-content\/uploads\/2023\/01\/wydawnictwo_mockup_dociety-1-600x574-2.png'><img decoding=\"async\" width=\"150\" height=\"150\" src=\"https:\/\/wydawnictwo.ug.edu.pl\/wp-content\/uploads\/2023\/01\/wydawnictwo_mockup_dociety-1-600x574-2-150x150.png\" class=\"attachment-thumbnail size-thumbnail\" alt=\"\" srcset=\"https:\/\/wydawnictwo.ug.edu.pl\/wp-content\/uploads\/2023\/01\/wydawnictwo_mockup_dociety-1-600x574-2-150x150.png 150w, https:\/\/wydawnictwo.ug.edu.pl\/wp-content\/uploads\/2023\/01\/wydawnictwo_mockup_dociety-1-600x574-2-100x100.png 100w, https:\/\/wydawnictwo.ug.edu.pl\/wp-content\/uploads\/2023\/01\/wydawnictwo_mockup_dociety-1-600x574-2-85x85.png 85w, https:\/\/wydawnictwo.ug.edu.pl\/wp-content\/uploads\/2023\/01\/wydawnictwo_mockup_dociety-1-600x574-2-32x32.png 32w\" sizes=\"(max-width: 150px) 100vw, 150px\" \/><\/a>\n\t\t\t<\/div><\/figure><figure class='gallery-item'>\n\t\t\t<div class='gallery-icon landscape'>\n\t\t\t\t<a href='https:\/\/wydawnictwo.ug.edu.pl\/wp-content\/uploads\/2023\/01\/wydawnictwo_mockup_dociety-1-8-600x574-2.png'><img decoding=\"async\" width=\"150\" height=\"150\" src=\"https:\/\/wydawnictwo.ug.edu.pl\/wp-content\/uploads\/2023\/01\/wydawnictwo_mockup_dociety-1-8-600x574-2-150x150.png\" class=\"attachment-thumbnail size-thumbnail\" alt=\"\" srcset=\"https:\/\/wydawnictwo.ug.edu.pl\/wp-content\/uploads\/2023\/01\/wydawnictwo_mockup_dociety-1-8-600x574-2-150x150.png 150w, https:\/\/wydawnictwo.ug.edu.pl\/wp-content\/uploads\/2023\/01\/wydawnictwo_mockup_dociety-1-8-600x574-2-100x100.png 100w, https:\/\/wydawnictwo.ug.edu.pl\/wp-content\/uploads\/2023\/01\/wydawnictwo_mockup_dociety-1-8-600x574-2-85x85.png 85w, https:\/\/wydawnictwo.ug.edu.pl\/wp-content\/uploads\/2023\/01\/wydawnictwo_mockup_dociety-1-8-600x574-2-32x32.png 32w\" sizes=\"(max-width: 150px) 100vw, 150px\" \/><\/a>\n\t\t\t<\/div><\/figure><figure class='gallery-item'>\n\t\t\t<div class='gallery-icon landscape'>\n\t\t\t\t<a href='https:\/\/wydawnictwo.ug.edu.pl\/wp-content\/uploads\/2023\/01\/wojciechowski-spory-3Dn-600x574-2.jpg'><img decoding=\"async\" width=\"150\" height=\"150\" src=\"https:\/\/wydawnictwo.ug.edu.pl\/wp-content\/uploads\/2023\/01\/wojciechowski-spory-3Dn-600x574-2-150x150.jpg\" class=\"attachment-thumbnail size-thumbnail\" alt=\"\" srcset=\"https:\/\/wydawnictwo.ug.edu.pl\/wp-content\/uploads\/2023\/01\/wojciechowski-spory-3Dn-600x574-2-150x150.jpg 150w, https:\/\/wydawnictwo.ug.edu.pl\/wp-content\/uploads\/2023\/01\/wojciechowski-spory-3Dn-600x574-2-100x100.jpg 100w, https:\/\/wydawnictwo.ug.edu.pl\/wp-content\/uploads\/2023\/01\/wojciechowski-spory-3Dn-600x574-2-85x85.jpg 85w, https:\/\/wydawnictwo.ug.edu.pl\/wp-content\/uploads\/2023\/01\/wojciechowski-spory-3Dn-600x574-2-32x32.jpg 32w\" sizes=\"(max-width: 150px) 100vw, 150px\" \/><\/a>\n\t\t\t<\/div><\/figure><figure class='gallery-item'>\n\t\t\t<div class='gallery-icon landscape'>\n\t\t\t\t<a href='https:\/\/wydawnictwo.ug.edu.pl\/wp-content\/uploads\/2023\/01\/Nowy-projekt-15-600x426-2.png'><img loading=\"lazy\" decoding=\"async\" width=\"150\" height=\"150\" src=\"https:\/\/wydawnictwo.ug.edu.pl\/wp-content\/uploads\/2023\/01\/Nowy-projekt-15-600x426-2-150x150.png\" class=\"attachment-thumbnail size-thumbnail\" alt=\"\" srcset=\"https:\/\/wydawnictwo.ug.edu.pl\/wp-content\/uploads\/2023\/01\/Nowy-projekt-15-600x426-2-150x150.png 150w, https:\/\/wydawnictwo.ug.edu.pl\/wp-content\/uploads\/2023\/01\/Nowy-projekt-15-600x426-2-100x100.png 100w, https:\/\/wydawnictwo.ug.edu.pl\/wp-content\/uploads\/2023\/01\/Nowy-projekt-15-600x426-2-85x85.png 85w, https:\/\/wydawnictwo.ug.edu.pl\/wp-content\/uploads\/2023\/01\/Nowy-projekt-15-600x426-2-32x32.png 32w\" sizes=\"(max-width: 150px) 100vw, 150px\" \/><\/a>\n\t\t\t<\/div><\/figure><figure class='gallery-item'>\n\t\t\t<div class='gallery-icon landscape'>\n\t\t\t\t<a href='https:\/\/wydawnictwo.ug.edu.pl\/wp-content\/uploads\/2023\/01\/Kaminska-Korolczyk-rozrys_oklejki_b5_polityka_3Dn-600x574-2.jpg'><img loading=\"lazy\" decoding=\"async\" width=\"150\" height=\"150\" src=\"https:\/\/wydawnictwo.ug.edu.pl\/wp-content\/uploads\/2023\/01\/Kaminska-Korolczyk-rozrys_oklejki_b5_polityka_3Dn-600x574-2-150x150.jpg\" class=\"attachment-thumbnail size-thumbnail\" alt=\"\" srcset=\"https:\/\/wydawnictwo.ug.edu.pl\/wp-content\/uploads\/2023\/01\/Kaminska-Korolczyk-rozrys_oklejki_b5_polityka_3Dn-600x574-2-150x150.jpg 150w, https:\/\/wydawnictwo.ug.edu.pl\/wp-content\/uploads\/2023\/01\/Kaminska-Korolczyk-rozrys_oklejki_b5_polityka_3Dn-600x574-2-100x100.jpg 100w, https:\/\/wydawnictwo.ug.edu.pl\/wp-content\/uploads\/2023\/01\/Kaminska-Korolczyk-rozrys_oklejki_b5_polityka_3Dn-600x574-2-85x85.jpg 85w, https:\/\/wydawnictwo.ug.edu.pl\/wp-content\/uploads\/2023\/01\/Kaminska-Korolczyk-rozrys_oklejki_b5_polityka_3Dn-600x574-2-32x32.jpg 32w\" sizes=\"(max-width: 150px) 100vw, 150px\" \/><\/a>\n\t\t\t<\/div><\/figure><figure class='gallery-item'>\n\t\t\t<div class='gallery-icon landscape'>\n\t\t\t\t<a href='https:\/\/wydawnictwo.ug.edu.pl\/wp-content\/uploads\/2023\/01\/wydawnictwo_mockup_dociety-1-1-4-600x574-2.png'><img loading=\"lazy\" decoding=\"async\" width=\"150\" height=\"150\" src=\"https:\/\/wydawnictwo.ug.edu.pl\/wp-content\/uploads\/2023\/01\/wydawnictwo_mockup_dociety-1-1-4-600x574-2-150x150.png\" class=\"attachment-thumbnail size-thumbnail\" alt=\"\" srcset=\"https:\/\/wydawnictwo.ug.edu.pl\/wp-content\/uploads\/2023\/01\/wydawnictwo_mockup_dociety-1-1-4-600x574-2-150x150.png 150w, https:\/\/wydawnictwo.ug.edu.pl\/wp-content\/uploads\/2023\/01\/wydawnictwo_mockup_dociety-1-1-4-600x574-2-100x100.png 100w, https:\/\/wydawnictwo.ug.edu.pl\/wp-content\/uploads\/2023\/01\/wydawnictwo_mockup_dociety-1-1-4-600x574-2-85x85.png 85w, https:\/\/wydawnictwo.ug.edu.pl\/wp-content\/uploads\/2023\/01\/wydawnictwo_mockup_dociety-1-1-4-600x574-2-32x32.png 32w\" sizes=\"(max-width: 150px) 100vw, 150px\" \/><\/a>\n\t\t\t<\/div><\/figure><figure class='gallery-item'>\n\t\t\t<div class='gallery-icon landscape'>\n\t\t\t\t<a href='https:\/\/wydawnictwo.ug.edu.pl\/wp-content\/uploads\/2023\/01\/dobre_praktyki_okladka-3Dn-600x574-2.jpg'><img loading=\"lazy\" decoding=\"async\" width=\"150\" height=\"150\" src=\"https:\/\/wydawnictwo.ug.edu.pl\/wp-content\/uploads\/2023\/01\/dobre_praktyki_okladka-3Dn-600x574-2-150x150.jpg\" class=\"attachment-thumbnail size-thumbnail\" alt=\"\" srcset=\"https:\/\/wydawnictwo.ug.edu.pl\/wp-content\/uploads\/2023\/01\/dobre_praktyki_okladka-3Dn-600x574-2-150x150.jpg 150w, https:\/\/wydawnictwo.ug.edu.pl\/wp-content\/uploads\/2023\/01\/dobre_praktyki_okladka-3Dn-600x574-2-100x100.jpg 100w, https:\/\/wydawnictwo.ug.edu.pl\/wp-content\/uploads\/2023\/01\/dobre_praktyki_okladka-3Dn-600x574-2-85x85.jpg 85w, https:\/\/wydawnictwo.ug.edu.pl\/wp-content\/uploads\/2023\/01\/dobre_praktyki_okladka-3Dn-600x574-2-32x32.jpg 32w\" sizes=\"(max-width: 150px) 100vw, 150px\" \/><\/a>\n\t\t\t<\/div><\/figure><figure class='gallery-item'>\n\t\t\t<div class='gallery-icon landscape'>\n\t\t\t\t<a href='https:\/\/wydawnictwo.ug.edu.pl\/wp-content\/uploads\/2023\/01\/Kaczmarek-Okladka-3Dn-600x574-2.jpg'><img loading=\"lazy\" decoding=\"async\" width=\"150\" height=\"150\" src=\"https:\/\/wydawnictwo.ug.edu.pl\/wp-content\/uploads\/2023\/01\/Kaczmarek-Okladka-3Dn-600x574-2-150x150.jpg\" class=\"attachment-thumbnail size-thumbnail\" alt=\"\" srcset=\"https:\/\/wydawnictwo.ug.edu.pl\/wp-content\/uploads\/2023\/01\/Kaczmarek-Okladka-3Dn-600x574-2-150x150.jpg 150w, https:\/\/wydawnictwo.ug.edu.pl\/wp-content\/uploads\/2023\/01\/Kaczmarek-Okladka-3Dn-600x574-2-100x100.jpg 100w, https:\/\/wydawnictwo.ug.edu.pl\/wp-content\/uploads\/2023\/01\/Kaczmarek-Okladka-3Dn-600x574-2-85x85.jpg 85w, https:\/\/wydawnictwo.ug.edu.pl\/wp-content\/uploads\/2023\/01\/Kaczmarek-Okladka-3Dn-600x574-2-32x32.jpg 32w\" sizes=\"(max-width: 150px) 100vw, 150px\" \/><\/a>\n\t\t\t<\/div><\/figure><figure class='gallery-item'>\n\t\t\t<div class='gallery-icon landscape'>\n\t\t\t\t<a href='https:\/\/wydawnictwo.ug.edu.pl\/wp-content\/uploads\/2023\/01\/Szekspirmock-600x574-2.png'><img loading=\"lazy\" decoding=\"async\" width=\"150\" height=\"150\" src=\"https:\/\/wydawnictwo.ug.edu.pl\/wp-content\/uploads\/2023\/01\/Szekspirmock-600x574-2-150x150.png\" class=\"attachment-thumbnail size-thumbnail\" alt=\"\" srcset=\"https:\/\/wydawnictwo.ug.edu.pl\/wp-content\/uploads\/2023\/01\/Szekspirmock-600x574-2-150x150.png 150w, https:\/\/wydawnictwo.ug.edu.pl\/wp-content\/uploads\/2023\/01\/Szekspirmock-600x574-2-100x100.png 100w, https:\/\/wydawnictwo.ug.edu.pl\/wp-content\/uploads\/2023\/01\/Szekspirmock-600x574-2-85x85.png 85w, https:\/\/wydawnictwo.ug.edu.pl\/wp-content\/uploads\/2023\/01\/Szekspirmock-600x574-2-32x32.png 32w\" sizes=\"(max-width: 150px) 100vw, 150px\" \/><\/a>\n\t\t\t<\/div><\/figure><figure class='gallery-item'>\n\t\t\t<div class='gallery-icon landscape'>\n\t\t\t\t<a href='https:\/\/wydawnictwo.ug.edu.pl\/wp-content\/uploads\/2023\/01\/odysseja-mock-600x574-2.png'><img loading=\"lazy\" decoding=\"async\" width=\"150\" height=\"150\" src=\"https:\/\/wydawnictwo.ug.edu.pl\/wp-content\/uploads\/2023\/01\/odysseja-mock-600x574-2-150x150.png\" class=\"attachment-thumbnail size-thumbnail\" alt=\"\" srcset=\"https:\/\/wydawnictwo.ug.edu.pl\/wp-content\/uploads\/2023\/01\/odysseja-mock-600x574-2-150x150.png 150w, https:\/\/wydawnictwo.ug.edu.pl\/wp-content\/uploads\/2023\/01\/odysseja-mock-600x574-2-100x100.png 100w, https:\/\/wydawnictwo.ug.edu.pl\/wp-content\/uploads\/2023\/01\/odysseja-mock-600x574-2-85x85.png 85w, https:\/\/wydawnictwo.ug.edu.pl\/wp-content\/uploads\/2023\/01\/odysseja-mock-600x574-2-32x32.png 32w\" sizes=\"(max-width: 150px) 100vw, 150px\" \/><\/a>\n\t\t\t<\/div><\/figure><figure class='gallery-item'>\n\t\t\t<div class='gallery-icon landscape'>\n\t\t\t\t<a href='https:\/\/wydawnictwo.ug.edu.pl\/wp-content\/uploads\/2023\/01\/wydawnictwo_mockup_dociety-6-600x574-2.png'><img loading=\"lazy\" decoding=\"async\" width=\"150\" height=\"150\" src=\"https:\/\/wydawnictwo.ug.edu.pl\/wp-content\/uploads\/2023\/01\/wydawnictwo_mockup_dociety-6-600x574-2-150x150.png\" class=\"attachment-thumbnail size-thumbnail\" alt=\"\" srcset=\"https:\/\/wydawnictwo.ug.edu.pl\/wp-content\/uploads\/2023\/01\/wydawnictwo_mockup_dociety-6-600x574-2-150x150.png 150w, https:\/\/wydawnictwo.ug.edu.pl\/wp-content\/uploads\/2023\/01\/wydawnictwo_mockup_dociety-6-600x574-2-100x100.png 100w, https:\/\/wydawnictwo.ug.edu.pl\/wp-content\/uploads\/2023\/01\/wydawnictwo_mockup_dociety-6-600x574-2-85x85.png 85w, https:\/\/wydawnictwo.ug.edu.pl\/wp-content\/uploads\/2023\/01\/wydawnictwo_mockup_dociety-6-600x574-2-32x32.png 32w\" sizes=\"(max-width: 150px) 100vw, 150px\" \/><\/a>\n\t\t\t<\/div><\/figure>\n\t\t<\/div>\n\n<p style=\"text-align: center;\"><strong>WYDARZENIA<\/strong><\/p>\n<p><strong>STYCZE\u0143<\/strong><\/p>\n<p>W ramach finisa\u017cu wystawy \u201e<a href=\"https:\/\/wydawnictwo.ug.edu.pl\/events\/wernisaz-wystawy-wajda-czlowiek-z-gdanska-i-premiera-katalogu-wajda-czlowiek-z-gdanska\/\">Wajda. Cz\u0142owiek z Gda\u0144ska<\/a><u>\u201d<\/u> 25 stycznia w formie hybrydowej odby\u0142a si\u0119 Og\u00f3lnopolska Konferencja Naukowa \u201eWajda Dokumentalny\u201d\u00a0organizowana przez Muzeum Sztuki i Techniki Japo\u0144skiej Manggha w Krakowie oraz Uniwersytet Gda\u0144ski.<\/p>\n<p><strong>LUTY<\/strong><\/p>\n<p>4 lutego w <a href=\"https:\/\/bg.ug.edu.pl\/\">Bibliotece G\u0142\u00f3wnej Uniwersytetu Gda\u0144skiego<\/a> odby\u0142 si\u0119 wernisa\u017c wystawy \u201eDwory polskie w akwareli Macieja Rydla. Na ratunek gin\u0105cego dziedzictwa narodowego\u201d. Obj\u0119t\u0105 honorowym patronatem Rektora UG, prof. dr. hab. Piotra Stepnowskiego oraz patronatem merytorycznym Polskiego Towarzystwa Ziemia\u0144skiego wystaw\u0119 mo\u017cna by\u0142o zwiedza\u0107 do 9 marca 2022 roku.<\/p>\n<p><strong>MAJ<\/strong><\/p>\n<p>Po wielu miesi\u0105cach przygotowa\u0144 swoje drzwi przed zainteresowanymi otworzy\u0142a usytuowana na Wydziale Nauk Spo\u0142ecznych Ksi\u0119garnia Uniwersytecka, b\u0119d\u0105ca nowym miejscem animacji kultury i nauki. W przerwie mi\u0119dzy wyk\u0142adami mo\u017cna tutaj naby\u0107 ksi\u0105\u017cki publikowane przez WUG oraz inne wydawnictwa naukowe, popularnonaukowe czy literackie, jak i napi\u0107 si\u0119 kawy lub herbaty.<\/p>\n<p>W dniach 24\u201329 maja w Gda\u0144sku odby\u0142 si\u0119 cykl wydarze\u0144 pod wsp\u00f3lnym tytu\u0142em: \u201eJerzy Limon: Inspiracja \u2013 Dialog \u2013 Polemika\u201d, organizowany przez Uniwersytet Gda\u0144ski, Gda\u0144ski Teatr Szekspirowski oraz Fundacj\u0119 Theatrum Gedanense. W\u015br\u00f3d propozycji programowych znalaz\u0142y si\u0119 m.in.: mi\u0119dzynarodowa konferencja naukowa, wystawy, projekcje filmowe i spektakle. Wydawnictwo Uniwersytetu Gda\u0144skiego jako partner wydarzenia i wydawca katalogu <em>Gda\u0144skie \u015blady Szekspira. Echoes of Shakespeare in Gda\u0144sk: Chodowiecki&amp; Limon<\/em> aktywnie w\u0142\u0105czy\u0142o si\u0119 w organizacj\u0119 wystawy grafik Daniela Chodowieckiego i ilustracji pochodz\u0105cych z prywatnego zbioru Jerzego Limona.<\/p>\n<p><strong>WRZESIE\u0143<\/strong><\/p>\n<p>W ramach 19. edycji festiwalu Wilno w Gda\u0144sku odby\u0142o si\u0119 wydarzenie Gda\u0144ska i wile\u0144ska nauka. Wok\u00f3\u0142 wsp\u00f3lnego losu, tradycji i warto\u015bci. 100-lecie Gda\u0144skiego Towarzystwa Naukowego, podczas kt\u00f3rego zosta\u0142y zaprezentowane ksi\u0105\u017cki o tematyce wile\u0144skiej, m.in. publikacja Zbigniewa Opackiego <a href=\"https:\/\/wydawnictwo.ug.edu.pl\/produkt\/wydzial-humanistyczny-uniwersytetu-stefana-batorego-w-wilnie-1919-1939\/\"><em>Wydzia\u0142 Humanistyczny Uniwersytetu Stefana Batorego w Wilnie 1919\u20131939<\/em><\/a> .<\/p>\n<p>W dniach 16\u201318 wrze\u015bnia w Europejskim Centrum Solidarno\u015bci odby\u0142a si\u0119 czwarta edycja Gda\u0144skich Targ\u00f3w Ksi\u0105\u017cki, w kt\u00f3rych bra\u0142o udzia\u0142 Wydawnictwo Uniwersytetu Gda\u0144skiego. Swoje publikacje podczas spotka\u0144 autorskich promowali nasi autorzy: Mieczys\u0142aw Abramowicz (<a href=\"https:\/\/wydawnictwo.ug.edu.pl\/produkt\/teatr-zydowski-w-gdansku-1876-1968\/\"><em>Teatr \u017cydowski w Gda\u0144sku 1876\u20131986<\/em><\/a>) oraz Pawe\u0142 Bili\u0144ski (<a href=\"https:\/\/wydawnictwo.ug.edu.pl\/produkt\/kinematograf-o-sobie-autotematyzm-w-polskim-filmie-fabularnym\/\"><em>Kinematograf o sobie. Autotematyzm w polskim filmie fabularnym<\/em><\/a>).<\/p>\n<p><strong>PA\u0179DZIERNIK<\/strong><\/p>\n<p>3 pa\u017adziernika w Bibliotece G\u0142\u00f3wnej Uniwersytetu Gda\u0144skiego tu\u017c po uroczystej inauguracji roku akademickiego 2022\/2023 odby\u0142 si\u0119 wernisa\u017c wystawy pt. \u201eSEA EU BY THE Sea. Nadmorskie uniwersytety w malarstwie Anety Oniszczuk-Jastrz\u0105bek\u201d. Cykl obraz\u00f3w inspirowany by\u0142 projektem SEA-EU. Wydawnictwo Uniwersytetu Gda\u0144skiego wspiera\u0142o proces organizacji wystawy i wyda\u0142o katalog prezentuj\u0105cy prace Anety Oniszczuk-Jastrz\u0105bek.<\/p>\n<p><strong>LISTOPAD<\/strong><\/p>\n<p>7 listopada na <a href=\"https:\/\/prawo.ug.edu.pl\/\">Wydziale Prawa i Administracji Uniwersytetu Gda\u0144skiego<\/a> odby\u0142o si\u0119 spotkanie z genera\u0142em Carabinieri Roberto Riccardim, promuj\u0105ce ksi\u0105\u017ck\u0119 jego autorstwa pt. <em><a href=\"https:\/\/wydawnictwo.ug.edu.pl\/produkt\/detective-dellarte-carabinieri-na-strazy-dziedzictwa-kultury\/\">Detective dell\u2019arte. Carabinieri na stra\u017cy dziedzictwa kultury<\/a><\/em>. Publikacja b\u0119d\u0105c\u0105 t\u0142umaczeniem wydania w\u0142oskiego (<em>Detective dell\u2019arte. Dai Monuments Men ai carabinieri della cultura<\/em>, Rizzoli, Milano 2019) zosta\u0142a wydana nak\u0142adem Wydawnictwa Uniwersytetu Gda\u0144skiego i ukaza\u0142a si\u0119 w serii <a href=\"\/?product_cat=biblioteka-prawa-ochrony-zabytkow\">Biblioteka Prawa Ochrony Zabytk\u00f3w<\/a> dzi\u0119ki wsparciu <a href=\"https:\/\/ambvarsavia.esteri.it\/ambasciata_varsavia\/pl\/informazioni_e_servizi\/servizi_consolari\">Ministerstwa Spraw Zagranicznych Republiki W\u0142oskiej<\/a> i pomocy <a href=\"https:\/\/iicvarsavia.esteri.it\/iic_varsavia\/pl\/\">W\u0142oskiego Instytutu Kultury w Warszawie<\/a>.<\/p>\n<div id='gallery-2' class='gallery galleryid-23022 gallery-columns-6 gallery-size-thumbnail'><figure class='gallery-item'>\n\t\t\t<div class='gallery-icon landscape'>\n\t\t\t\t<a href='https:\/\/wydawnictwo.ug.edu.pl\/wp-content\/uploads\/2022\/05\/084_GdanskieSladySzekspira_2022-05-25_1600px.jpg'><img loading=\"lazy\" decoding=\"async\" width=\"150\" height=\"150\" src=\"https:\/\/wydawnictwo.ug.edu.pl\/wp-content\/uploads\/2022\/05\/084_GdanskieSladySzekspira_2022-05-25_1600px-150x150.jpg\" class=\"attachment-thumbnail size-thumbnail\" alt=\"\" aria-describedby=\"gallery-2-19506\" srcset=\"https:\/\/wydawnictwo.ug.edu.pl\/wp-content\/uploads\/2022\/05\/084_GdanskieSladySzekspira_2022-05-25_1600px-150x150.jpg 150w, https:\/\/wydawnictwo.ug.edu.pl\/wp-content\/uploads\/2022\/05\/084_GdanskieSladySzekspira_2022-05-25_1600px-600x600.jpg 600w, https:\/\/wydawnictwo.ug.edu.pl\/wp-content\/uploads\/2022\/05\/084_GdanskieSladySzekspira_2022-05-25_1600px-100x100.jpg 100w, https:\/\/wydawnictwo.ug.edu.pl\/wp-content\/uploads\/2022\/05\/084_GdanskieSladySzekspira_2022-05-25_1600px-85x85.jpg 85w, https:\/\/wydawnictwo.ug.edu.pl\/wp-content\/uploads\/2022\/05\/084_GdanskieSladySzekspira_2022-05-25_1600px-32x32.jpg 32w\" sizes=\"(max-width: 150px) 100vw, 150px\" \/><\/a>\n\t\t\t<\/div>\n\t\t\t\t<figcaption class='wp-caption-text gallery-caption' id='gallery-2-19506'>\n\t\t\t\tWernisa\u017c wystawy \n\t\t\t\t<\/figcaption><\/figure><figure class='gallery-item'>\n\t\t\t<div class='gallery-icon landscape'>\n\t\t\t\t<a href='https:\/\/wydawnictwo.ug.edu.pl\/wp-content\/uploads\/2022\/05\/109_GdanskieSladySzekspira_2022-05-25_1600px.jpg'><img loading=\"lazy\" decoding=\"async\" width=\"150\" height=\"150\" src=\"https:\/\/wydawnictwo.ug.edu.pl\/wp-content\/uploads\/2022\/05\/109_GdanskieSladySzekspira_2022-05-25_1600px-150x150.jpg\" class=\"attachment-thumbnail size-thumbnail\" alt=\"\" aria-describedby=\"gallery-2-19534\" srcset=\"https:\/\/wydawnictwo.ug.edu.pl\/wp-content\/uploads\/2022\/05\/109_GdanskieSladySzekspira_2022-05-25_1600px-150x150.jpg 150w, https:\/\/wydawnictwo.ug.edu.pl\/wp-content\/uploads\/2022\/05\/109_GdanskieSladySzekspira_2022-05-25_1600px-600x600.jpg 600w, https:\/\/wydawnictwo.ug.edu.pl\/wp-content\/uploads\/2022\/05\/109_GdanskieSladySzekspira_2022-05-25_1600px-100x100.jpg 100w, https:\/\/wydawnictwo.ug.edu.pl\/wp-content\/uploads\/2022\/05\/109_GdanskieSladySzekspira_2022-05-25_1600px-85x85.jpg 85w, https:\/\/wydawnictwo.ug.edu.pl\/wp-content\/uploads\/2022\/05\/109_GdanskieSladySzekspira_2022-05-25_1600px-32x32.jpg 32w\" sizes=\"(max-width: 150px) 100vw, 150px\" \/><\/a>\n\t\t\t<\/div>\n\t\t\t\t<figcaption class='wp-caption-text gallery-caption' id='gallery-2-19534'>\n\t\t\t\tWernisa\u017c wystawy \u201eGda\u0144skie \u015blady Szekspira. Echoes of the Shakespeare in Gda\u0144sk: Chodowiecki&#038;Limon\u201d\n\t\t\t\t<\/figcaption><\/figure><figure class='gallery-item'>\n\t\t\t<div class='gallery-icon landscape'>\n\t\t\t\t<a href='https:\/\/wydawnictwo.ug.edu.pl\/wp-content\/uploads\/2022\/09\/thumbnail_IMG_1493.png'><img loading=\"lazy\" decoding=\"async\" width=\"150\" height=\"150\" src=\"https:\/\/wydawnictwo.ug.edu.pl\/wp-content\/uploads\/2022\/09\/thumbnail_IMG_1493-150x150.png\" class=\"attachment-thumbnail size-thumbnail\" alt=\"\" aria-describedby=\"gallery-2-22002\" srcset=\"https:\/\/wydawnictwo.ug.edu.pl\/wp-content\/uploads\/2022\/09\/thumbnail_IMG_1493-150x150.png 150w, https:\/\/wydawnictwo.ug.edu.pl\/wp-content\/uploads\/2022\/09\/thumbnail_IMG_1493-600x600.png 600w, https:\/\/wydawnictwo.ug.edu.pl\/wp-content\/uploads\/2022\/09\/thumbnail_IMG_1493-100x100.png 100w, https:\/\/wydawnictwo.ug.edu.pl\/wp-content\/uploads\/2022\/09\/thumbnail_IMG_1493-85x85.png 85w, https:\/\/wydawnictwo.ug.edu.pl\/wp-content\/uploads\/2022\/09\/thumbnail_IMG_1493-32x32.png 32w\" sizes=\"(max-width: 150px) 100vw, 150px\" \/><\/a>\n\t\t\t<\/div>\n\t\t\t\t<figcaption class='wp-caption-text gallery-caption' id='gallery-2-22002'>\n\t\t\t\tKsi\u0119garnia Uniwersytecka\n\t\t\t\t<\/figcaption><\/figure><figure class='gallery-item'>\n\t\t\t<div class='gallery-icon portrait'>\n\t\t\t\t<a href='https:\/\/wydawnictwo.ug.edu.pl\/wp-content\/uploads\/2022\/10\/DSC_0250-2-1.png'><img loading=\"lazy\" decoding=\"async\" width=\"150\" height=\"150\" src=\"https:\/\/wydawnictwo.ug.edu.pl\/wp-content\/uploads\/2022\/10\/DSC_0250-2-1-150x150.png\" class=\"attachment-thumbnail size-thumbnail\" alt=\"\" aria-describedby=\"gallery-2-21981\" srcset=\"https:\/\/wydawnictwo.ug.edu.pl\/wp-content\/uploads\/2022\/10\/DSC_0250-2-1-150x150.png 150w, https:\/\/wydawnictwo.ug.edu.pl\/wp-content\/uploads\/2022\/10\/DSC_0250-2-1-600x600.png 600w, https:\/\/wydawnictwo.ug.edu.pl\/wp-content\/uploads\/2022\/10\/DSC_0250-2-1-100x100.png 100w, https:\/\/wydawnictwo.ug.edu.pl\/wp-content\/uploads\/2022\/10\/DSC_0250-2-1-85x85.png 85w, https:\/\/wydawnictwo.ug.edu.pl\/wp-content\/uploads\/2022\/10\/DSC_0250-2-1-32x32.png 32w\" sizes=\"(max-width: 150px) 100vw, 150px\" \/><\/a>\n\t\t\t<\/div>\n\t\t\t\t<figcaption class='wp-caption-text gallery-caption' id='gallery-2-21981'>\n\t\t\t\tKsi\u0119garnia Uniwersytecka\n\t\t\t\t<\/figcaption><\/figure><figure class='gallery-item'>\n\t\t\t<div class='gallery-icon landscape'>\n\t\t\t\t<a href='https:\/\/wydawnictwo.ug.edu.pl\/wp-content\/uploads\/2022\/09\/DSC_0716.jpg'><img loading=\"lazy\" decoding=\"async\" width=\"150\" height=\"150\" src=\"https:\/\/wydawnictwo.ug.edu.pl\/wp-content\/uploads\/2022\/09\/DSC_0716-150x150.jpg\" class=\"attachment-thumbnail size-thumbnail\" alt=\"\" aria-describedby=\"gallery-2-21246\" srcset=\"https:\/\/wydawnictwo.ug.edu.pl\/wp-content\/uploads\/2022\/09\/DSC_0716-150x150.jpg 150w, https:\/\/wydawnictwo.ug.edu.pl\/wp-content\/uploads\/2022\/09\/DSC_0716-600x600.jpg 600w, https:\/\/wydawnictwo.ug.edu.pl\/wp-content\/uploads\/2022\/09\/DSC_0716-100x100.jpg 100w, https:\/\/wydawnictwo.ug.edu.pl\/wp-content\/uploads\/2022\/09\/DSC_0716-85x85.jpg 85w, https:\/\/wydawnictwo.ug.edu.pl\/wp-content\/uploads\/2022\/09\/DSC_0716-32x32.jpg 32w\" sizes=\"(max-width: 150px) 100vw, 150px\" \/><\/a>\n\t\t\t<\/div>\n\t\t\t\t<figcaption class='wp-caption-text gallery-caption' id='gallery-2-21246'>\n\t\t\t\tPawe\u0142 Bili\u0144ski na Gda\u0144skich Targach Ksi\u0105\u017cki 2022\n\t\t\t\t<\/figcaption><\/figure><figure class='gallery-item'>\n\t\t\t<div class='gallery-icon portrait'>\n\t\t\t\t<a href='https:\/\/wydawnictwo.ug.edu.pl\/wp-content\/uploads\/2022\/09\/DSC_0674.jpg'><img loading=\"lazy\" decoding=\"async\" width=\"150\" height=\"150\" src=\"https:\/\/wydawnictwo.ug.edu.pl\/wp-content\/uploads\/2022\/09\/DSC_0674-150x150.jpg\" class=\"attachment-thumbnail size-thumbnail\" alt=\"\" aria-describedby=\"gallery-2-21241\" srcset=\"https:\/\/wydawnictwo.ug.edu.pl\/wp-content\/uploads\/2022\/09\/DSC_0674-150x150.jpg 150w, https:\/\/wydawnictwo.ug.edu.pl\/wp-content\/uploads\/2022\/09\/DSC_0674-600x600.jpg 600w, https:\/\/wydawnictwo.ug.edu.pl\/wp-content\/uploads\/2022\/09\/DSC_0674-100x100.jpg 100w, https:\/\/wydawnictwo.ug.edu.pl\/wp-content\/uploads\/2022\/09\/DSC_0674-85x85.jpg 85w, https:\/\/wydawnictwo.ug.edu.pl\/wp-content\/uploads\/2022\/09\/DSC_0674-32x32.jpg 32w\" sizes=\"(max-width: 150px) 100vw, 150px\" \/><\/a>\n\t\t\t<\/div>\n\t\t\t\t<figcaption class='wp-caption-text gallery-caption' id='gallery-2-21241'>\n\t\t\t\tMieczys\u0142aw Abramowicz na Gda\u0144skich Targach Ksi\u0105\u017cki Fot. M. Szabat\n\t\t\t\t<\/figcaption><\/figure><figure class='gallery-item'>\n\t\t\t<div class='gallery-icon portrait'>\n\t\t\t\t<a href='https:\/\/wydawnictwo.ug.edu.pl\/wp-content\/uploads\/2022\/09\/266_TNowicki_Inauguracja_UG-2022_1600px.jpeg'><img loading=\"lazy\" decoding=\"async\" width=\"150\" height=\"150\" src=\"https:\/\/wydawnictwo.ug.edu.pl\/wp-content\/uploads\/2022\/09\/266_TNowicki_Inauguracja_UG-2022_1600px-150x150.jpeg\" class=\"attachment-thumbnail size-thumbnail\" alt=\"\" aria-describedby=\"gallery-2-21673\" srcset=\"https:\/\/wydawnictwo.ug.edu.pl\/wp-content\/uploads\/2022\/09\/266_TNowicki_Inauguracja_UG-2022_1600px-150x150.jpeg 150w, https:\/\/wydawnictwo.ug.edu.pl\/wp-content\/uploads\/2022\/09\/266_TNowicki_Inauguracja_UG-2022_1600px-600x600.jpeg 600w, https:\/\/wydawnictwo.ug.edu.pl\/wp-content\/uploads\/2022\/09\/266_TNowicki_Inauguracja_UG-2022_1600px-100x100.jpeg 100w, https:\/\/wydawnictwo.ug.edu.pl\/wp-content\/uploads\/2022\/09\/266_TNowicki_Inauguracja_UG-2022_1600px-85x85.jpeg 85w, https:\/\/wydawnictwo.ug.edu.pl\/wp-content\/uploads\/2022\/09\/266_TNowicki_Inauguracja_UG-2022_1600px-32x32.jpeg 32w\" sizes=\"(max-width: 150px) 100vw, 150px\" \/><\/a>\n\t\t\t<\/div>\n\t\t\t\t<figcaption class='wp-caption-text gallery-caption' id='gallery-2-21673'>\n\t\t\t\tAneta Oniszczuk-Jastrz\u0105bek; wernisa\u017c wystawy \u201e\u201d\n\t\t\t\t<\/figcaption><\/figure><figure class='gallery-item'>\n\t\t\t<div class='gallery-icon landscape'>\n\t\t\t\t<a href='https:\/\/wydawnictwo.ug.edu.pl\/wp-content\/uploads\/2022\/10\/207_TNowicki_Inauguracja_UG-2022_1600px.jpeg'><img loading=\"lazy\" decoding=\"async\" width=\"150\" height=\"150\" src=\"https:\/\/wydawnictwo.ug.edu.pl\/wp-content\/uploads\/2022\/10\/207_TNowicki_Inauguracja_UG-2022_1600px-150x150.jpeg\" class=\"attachment-thumbnail size-thumbnail\" alt=\"\" aria-describedby=\"gallery-2-21646\" srcset=\"https:\/\/wydawnictwo.ug.edu.pl\/wp-content\/uploads\/2022\/10\/207_TNowicki_Inauguracja_UG-2022_1600px-150x150.jpeg 150w, https:\/\/wydawnictwo.ug.edu.pl\/wp-content\/uploads\/2022\/10\/207_TNowicki_Inauguracja_UG-2022_1600px-600x600.jpeg 600w, https:\/\/wydawnictwo.ug.edu.pl\/wp-content\/uploads\/2022\/10\/207_TNowicki_Inauguracja_UG-2022_1600px-100x100.jpeg 100w, https:\/\/wydawnictwo.ug.edu.pl\/wp-content\/uploads\/2022\/10\/207_TNowicki_Inauguracja_UG-2022_1600px-85x85.jpeg 85w, https:\/\/wydawnictwo.ug.edu.pl\/wp-content\/uploads\/2022\/10\/207_TNowicki_Inauguracja_UG-2022_1600px-32x32.jpeg 32w\" sizes=\"(max-width: 150px) 100vw, 150px\" \/><\/a>\n\t\t\t<\/div>\n\t\t\t\t<figcaption class='wp-caption-text gallery-caption' id='gallery-2-21646'>\n\t\t\t\tWernisa\u017c wystawy \u201eSEA EU BY THE Sea. Nadmorskie uniwersytety w malarstwie Anety Oniszczuk-Jastrz\u0105bek\u201d\n\t\t\t\t<\/figcaption><\/figure><figure class='gallery-item'>\n\t\t\t<div class='gallery-icon landscape'>\n\t\t\t\t<a href='https:\/\/wydawnictwo.ug.edu.pl\/wp-content\/uploads\/2022\/10\/217_TNowicki_Inauguracja_UG-2022_1600px.jpeg'><img loading=\"lazy\" decoding=\"async\" width=\"150\" height=\"150\" src=\"https:\/\/wydawnictwo.ug.edu.pl\/wp-content\/uploads\/2022\/10\/217_TNowicki_Inauguracja_UG-2022_1600px-150x150.jpeg\" class=\"attachment-thumbnail size-thumbnail\" alt=\"\" aria-describedby=\"gallery-2-21652\" srcset=\"https:\/\/wydawnictwo.ug.edu.pl\/wp-content\/uploads\/2022\/10\/217_TNowicki_Inauguracja_UG-2022_1600px-150x150.jpeg 150w, https:\/\/wydawnictwo.ug.edu.pl\/wp-content\/uploads\/2022\/10\/217_TNowicki_Inauguracja_UG-2022_1600px-600x600.jpeg 600w, https:\/\/wydawnictwo.ug.edu.pl\/wp-content\/uploads\/2022\/10\/217_TNowicki_Inauguracja_UG-2022_1600px-100x100.jpeg 100w, https:\/\/wydawnictwo.ug.edu.pl\/wp-content\/uploads\/2022\/10\/217_TNowicki_Inauguracja_UG-2022_1600px-85x85.jpeg 85w, https:\/\/wydawnictwo.ug.edu.pl\/wp-content\/uploads\/2022\/10\/217_TNowicki_Inauguracja_UG-2022_1600px-32x32.jpeg 32w\" sizes=\"(max-width: 150px) 100vw, 150px\" \/><\/a>\n\t\t\t<\/div>\n\t\t\t\t<figcaption class='wp-caption-text gallery-caption' id='gallery-2-21652'>\n\t\t\t\tAneta Oniszczuk-Jastrz\u0105bek, Joanna Kamie\u0144, Marta Szaszkiewicz, Piotr Stepnowski; wernisa\u017c wystawy \u201eSEA EU BY THE Sea. Nadmorskie uniwersytety w malarstwie Anety Oniszczuk-Jastrz\u0105bek\u201d\n\t\t\t\t<\/figcaption><\/figure><figure class='gallery-item'>\n\t\t\t<div class='gallery-icon landscape'>\n\t\t\t\t<a href='https:\/\/wydawnictwo.ug.edu.pl\/wp-content\/uploads\/2022\/11\/091_TNowicki_UG_Roberto_Riccardi_s.jpeg'><img loading=\"lazy\" decoding=\"async\" width=\"150\" height=\"150\" src=\"https:\/\/wydawnictwo.ug.edu.pl\/wp-content\/uploads\/2022\/11\/091_TNowicki_UG_Roberto_Riccardi_s-150x150.jpeg\" class=\"attachment-thumbnail size-thumbnail\" alt=\"\" aria-describedby=\"gallery-2-22179\" srcset=\"https:\/\/wydawnictwo.ug.edu.pl\/wp-content\/uploads\/2022\/11\/091_TNowicki_UG_Roberto_Riccardi_s-150x150.jpeg 150w, https:\/\/wydawnictwo.ug.edu.pl\/wp-content\/uploads\/2022\/11\/091_TNowicki_UG_Roberto_Riccardi_s-600x600.jpeg 600w, https:\/\/wydawnictwo.ug.edu.pl\/wp-content\/uploads\/2022\/11\/091_TNowicki_UG_Roberto_Riccardi_s-100x100.jpeg 100w, https:\/\/wydawnictwo.ug.edu.pl\/wp-content\/uploads\/2022\/11\/091_TNowicki_UG_Roberto_Riccardi_s-85x85.jpeg 85w, https:\/\/wydawnictwo.ug.edu.pl\/wp-content\/uploads\/2022\/11\/091_TNowicki_UG_Roberto_Riccardi_s-32x32.jpeg 32w\" sizes=\"(max-width: 150px) 100vw, 150px\" \/><\/a>\n\t\t\t<\/div>\n\t\t\t\t<figcaption class='wp-caption-text gallery-caption' id='gallery-2-22179'>\n\t\t\t\tSpotkanie z gen. Roberto Riccardim na Wydziale Prawa i Administracji UG\n\t\t\t\t<\/figcaption><\/figure><figure class='gallery-item'>\n\t\t\t<div class='gallery-icon landscape'>\n\t\t\t\t<a href='https:\/\/wydawnictwo.ug.edu.pl\/wp-content\/uploads\/2022\/11\/023_TNowicki_UG_Roberto_Riccardi_s.jpeg'><img loading=\"lazy\" decoding=\"async\" width=\"150\" height=\"150\" src=\"https:\/\/wydawnictwo.ug.edu.pl\/wp-content\/uploads\/2022\/11\/023_TNowicki_UG_Roberto_Riccardi_s-150x150.jpeg\" class=\"attachment-thumbnail size-thumbnail\" alt=\"\" aria-describedby=\"gallery-2-22145\" srcset=\"https:\/\/wydawnictwo.ug.edu.pl\/wp-content\/uploads\/2022\/11\/023_TNowicki_UG_Roberto_Riccardi_s-150x150.jpeg 150w, https:\/\/wydawnictwo.ug.edu.pl\/wp-content\/uploads\/2022\/11\/023_TNowicki_UG_Roberto_Riccardi_s-600x600.jpeg 600w, https:\/\/wydawnictwo.ug.edu.pl\/wp-content\/uploads\/2022\/11\/023_TNowicki_UG_Roberto_Riccardi_s-100x100.jpeg 100w, https:\/\/wydawnictwo.ug.edu.pl\/wp-content\/uploads\/2022\/11\/023_TNowicki_UG_Roberto_Riccardi_s-85x85.jpeg 85w, https:\/\/wydawnictwo.ug.edu.pl\/wp-content\/uploads\/2022\/11\/023_TNowicki_UG_Roberto_Riccardi_s-32x32.jpeg 32w\" sizes=\"(max-width: 150px) 100vw, 150px\" \/><\/a>\n\t\t\t<\/div>\n\t\t\t\t<figcaption class='wp-caption-text gallery-caption' id='gallery-2-22145'>\n\t\t\t\tSpotkanie z gen. Roberto Riccardim na Wydziale Prawa i Administracji UG\n\t\t\t\t<\/figcaption><\/figure><figure class='gallery-item'>\n\t\t\t<div class='gallery-icon portrait'>\n\t\t\t\t<a href='https:\/\/wydawnictwo.ug.edu.pl\/wp-content\/uploads\/2022\/11\/092_TNowicki_UG_Roberto_Riccardi_s.jpeg'><img loading=\"lazy\" decoding=\"async\" width=\"150\" height=\"150\" src=\"https:\/\/wydawnictwo.ug.edu.pl\/wp-content\/uploads\/2022\/11\/092_TNowicki_UG_Roberto_Riccardi_s-150x150.jpeg\" class=\"attachment-thumbnail size-thumbnail\" alt=\"\" aria-describedby=\"gallery-2-22181\" srcset=\"https:\/\/wydawnictwo.ug.edu.pl\/wp-content\/uploads\/2022\/11\/092_TNowicki_UG_Roberto_Riccardi_s-150x150.jpeg 150w, https:\/\/wydawnictwo.ug.edu.pl\/wp-content\/uploads\/2022\/11\/092_TNowicki_UG_Roberto_Riccardi_s-600x600.jpeg 600w, https:\/\/wydawnictwo.ug.edu.pl\/wp-content\/uploads\/2022\/11\/092_TNowicki_UG_Roberto_Riccardi_s-100x100.jpeg 100w, https:\/\/wydawnictwo.ug.edu.pl\/wp-content\/uploads\/2022\/11\/092_TNowicki_UG_Roberto_Riccardi_s-85x85.jpeg 85w, https:\/\/wydawnictwo.ug.edu.pl\/wp-content\/uploads\/2022\/11\/092_TNowicki_UG_Roberto_Riccardi_s-32x32.jpeg 32w\" sizes=\"(max-width: 150px) 100vw, 150px\" \/><\/a>\n\t\t\t<\/div>\n\t\t\t\t<figcaption class='wp-caption-text gallery-caption' id='gallery-2-22181'>\n\t\t\t\tGen. Roberto Riccardi\n\t\t\t\t<\/figcaption><\/figure>\n\t\t<\/div>\n\n","protected":false},"excerpt":{"rendered":"<p>Rok 2022 by\u0142 dla Wydawnictwa Uniwersytetu Gda\u0144skiego czasem intensywnej pracy nad publikacj\u0105 nowych tytu\u0142\u00f3w, ich promocj\u0105 oraz organizacj\u0105 wydarze\u0144 kulturalnych i naukowych. W tym okresie podj\u0119li\u015bmy nowe inicjatywy i zako\u0144czyli\u015bmy d\u0142ugoterminowe projekty (m.in. w maju uda\u0142o nam si\u0119 otworzy\u0107 Ksi\u0119garni\u0119 Uniwersyteck\u0105 na Wydziale Nauk Spo\u0142ecznych Uniwersytetu Gda\u0144skiego!), a tak\u017ce intensywnie wsp\u00f3\u0142pracowali\u015bmy z r\u00f3\u017cnorodnymi instytucjami, zar\u00f3wno [&hellip;]<\/p>\n","protected":false},"author":1718,"featured_media":23069,"comment_status":"closed","ping_status":"closed","sticky":false,"template":"","format":"standard","meta":{"_acf_changed":false,"footnotes":""},"categories":[1],"tags":[],"class_list":["post-23022","post","type-post","status-publish","format-standard","has-post-thumbnail","hentry","category-aktualnosci"],"acf":[],"_links":{"self":[{"href":"https:\/\/wydawnictwo.ug.edu.pl\/en\/wp-json\/wp\/v2\/posts\/23022","targetHints":{"allow":["GET"]}}],"collection":[{"href":"https:\/\/wydawnictwo.ug.edu.pl\/en\/wp-json\/wp\/v2\/posts"}],"about":[{"href":"https:\/\/wydawnictwo.ug.edu.pl\/en\/wp-json\/wp\/v2\/types\/post"}],"author":[{"embeddable":true,"href":"https:\/\/wydawnictwo.ug.edu.pl\/en\/wp-json\/wp\/v2\/users\/1718"}],"replies":[{"embeddable":true,"href":"https:\/\/wydawnictwo.ug.edu.pl\/en\/wp-json\/wp\/v2\/comments?post=23022"}],"version-history":[{"count":0,"href":"https:\/\/wydawnictwo.ug.edu.pl\/en\/wp-json\/wp\/v2\/posts\/23022\/revisions"}],"wp:featuredmedia":[{"embeddable":true,"href":"https:\/\/wydawnictwo.ug.edu.pl\/en\/wp-json\/wp\/v2\/media\/23069"}],"wp:attachment":[{"href":"https:\/\/wydawnictwo.ug.edu.pl\/en\/wp-json\/wp\/v2\/media?parent=23022"}],"wp:term":[{"taxonomy":"category","embeddable":true,"href":"https:\/\/wydawnictwo.ug.edu.pl\/en\/wp-json\/wp\/v2\/categories?post=23022"},{"taxonomy":"post_tag","embeddable":true,"href":"https:\/\/wydawnictwo.ug.edu.pl\/en\/wp-json\/wp\/v2\/tags?post=23022"}],"curies":[{"name":"wp","href":"https:\/\/api.w.org\/{rel}","templated":true}]}}