{"id":22989,"date":"2023-01-16T07:31:38","date_gmt":"2023-01-16T07:31:38","guid":{"rendered":"https:\/\/wydawnictwo.ug.edu.pl\/?p=22989"},"modified":"2025-05-21T08:55:47","modified_gmt":"2025-05-21T08:55:47","slug":"recenzja-ksiazki-estetyka-prawa-w-czasopismie-acta-iuris-stetinensis","status":"publish","type":"post","link":"https:\/\/wydawnictwo.ug.edu.pl\/en\/recenzja-ksiazki-estetyka-prawa-w-czasopismie-acta-iuris-stetinensis\/","title":{"rendered":"Recenzja ksi\u0105\u017cki \u201eEstetyka prawa\u201d w czasopi\u015bmie \u201eActa Iuris Stetinensis\u201d"},"content":{"rendered":"<p>W czasopi\u015bmie naukowym Acta Iuris Stetinensis (2021, nr 4, vol. 36, s. 241\u2013246) ukaza\u0142a si\u0119 recenzja ksi\u0105\u017cki prof. Kamila Zeidlera <a href=\"https:\/\/wydawnictwo.ug.edu.pl\/produkt\/estetyka-prawa\/\"><em>Estetyka Prawa<\/em><\/a>, napisana przez dr hab. Katarzyn\u0119 Jaworsk\u0105-Biskup z Uniwersytetu Szczeci\u0144skiego. Jak wskazuje autorka recenzji:<\/p>\n<blockquote>\n<h5>Monografia Kamila\u00a0<span class=\"hiddenSpellError\">Zeidlera<\/span> <em>Estetyka prawa<\/em> stanowi kolejny przyczynek do rozwoju tej dziedziny bada\u0144 (estetyki prawa \u2014 przyp. red.), kt\u00f3ra zas\u0142uguje na specjaln\u0105 uwag\u0119 ze wzgl\u0119du na kompleksowe i nowatorskie uj\u0119cie problemu. (&#8230;) Interdyscyplinarny charakter pracy sprawia, \u017ce mo\u017ce by\u0107 adresowana nie tylko do prawnik\u00f3w i teoretyk\u00f3w prawa, lecz tak\u017ce literaturoznawc\u00f3w, filmoznawc\u00f3w i innych os\u00f3b zainteresowanych sztuk\u0105. Monografia autorstwa Kamila <span class=\"hiddenSpellError\">Zeidlera<\/span>\u00a0pozwala spojrze\u0107 na prawo jako na element kultury i dziedzictwa narodowego i \u015bwiatowego, a nie wy\u0142\u0105cznie zbi\u00f3r norm.<\/h5>\n<\/blockquote>\n<p>Recenzj\u0119 mo\u017cna przeczyta\u0107 <a href=\"file:\/\/\/C:\/Users\/m.szabat\/Downloads\/recenzja%20Estetyka%20prawa.pdf\">tutaj<\/a>.<\/p>\n","protected":false},"excerpt":{"rendered":"<p>W czasopi\u015bmie naukowym Acta Iuris Stetinensis (2021, nr 4, vol. 36, s. 241\u2013246) ukaza\u0142a si\u0119 recenzja ksi\u0105\u017cki prof. Kamila Zeidlera Estetyka Prawa, napisana przez dr hab. Katarzyn\u0119 Jaworsk\u0105-Biskup z Uniwersytetu Szczeci\u0144skiego. Jak wskazuje autorka recenzji: Monografia Kamila\u00a0Zeidlera Estetyka prawa stanowi kolejny przyczynek do rozwoju tej dziedziny bada\u0144 (estetyki prawa \u2014 przyp. red.), kt\u00f3ra zas\u0142uguje na [&hellip;]<\/p>\n","protected":false},"author":1718,"featured_media":8414,"comment_status":"closed","ping_status":"closed","sticky":false,"template":"","format":"standard","meta":{"_acf_changed":false,"footnotes":""},"categories":[6779],"tags":[2556],"class_list":["post-22989","post","type-post","status-publish","format-standard","has-post-thumbnail","hentry","category-w-prawie-i-mediach","tag-recenzja"],"acf":[],"_links":{"self":[{"href":"https:\/\/wydawnictwo.ug.edu.pl\/en\/wp-json\/wp\/v2\/posts\/22989","targetHints":{"allow":["GET"]}}],"collection":[{"href":"https:\/\/wydawnictwo.ug.edu.pl\/en\/wp-json\/wp\/v2\/posts"}],"about":[{"href":"https:\/\/wydawnictwo.ug.edu.pl\/en\/wp-json\/wp\/v2\/types\/post"}],"author":[{"embeddable":true,"href":"https:\/\/wydawnictwo.ug.edu.pl\/en\/wp-json\/wp\/v2\/users\/1718"}],"replies":[{"embeddable":true,"href":"https:\/\/wydawnictwo.ug.edu.pl\/en\/wp-json\/wp\/v2\/comments?post=22989"}],"version-history":[{"count":0,"href":"https:\/\/wydawnictwo.ug.edu.pl\/en\/wp-json\/wp\/v2\/posts\/22989\/revisions"}],"wp:featuredmedia":[{"embeddable":true,"href":"https:\/\/wydawnictwo.ug.edu.pl\/en\/wp-json\/wp\/v2\/media\/8414"}],"wp:attachment":[{"href":"https:\/\/wydawnictwo.ug.edu.pl\/en\/wp-json\/wp\/v2\/media?parent=22989"}],"wp:term":[{"taxonomy":"category","embeddable":true,"href":"https:\/\/wydawnictwo.ug.edu.pl\/en\/wp-json\/wp\/v2\/categories?post=22989"},{"taxonomy":"post_tag","embeddable":true,"href":"https:\/\/wydawnictwo.ug.edu.pl\/en\/wp-json\/wp\/v2\/tags?post=22989"}],"curies":[{"name":"wp","href":"https:\/\/api.w.org\/{rel}","templated":true}]}}