{"id":22966,"date":"2023-01-13T14:30:34","date_gmt":"2023-01-13T14:30:34","guid":{"rendered":"https:\/\/wydawnictwo.ug.edu.pl\/?p=22966"},"modified":"2023-01-16T06:57:26","modified_gmt":"2023-01-16T06:57:26","slug":"ksiazka-male-ciach-bajka-o-pewnym-zabiegu","status":"publish","type":"post","link":"https:\/\/wydawnictwo.ug.edu.pl\/en\/ksiazka-male-ciach-bajka-o-pewnym-zabiegu\/","title":{"rendered":"\u201eMa\u0142e Ciach. Bajka o pewnym zabiegu\u201d, czyli jak wspiera\u0107 dzieci z ankyloglosj\u0105"},"content":{"rendered":"<p class=\"x11i5rnm xat24cr x1mh8g0r x1vvkbs xdj266r x126k92a\">Ankyloglosja, czyli inaczej skr\u00f3cone w\u0119dzide\u0142ko podj\u0119zykowe to problem medyczny i logopedyczny, kt\u00f3ry utrudnia przyjmowanie pokarmu, po\u015brednio przyczyniaj\u0105c si\u0119 do zaburze\u0144 od\u017cywiania; wywo\u0142uje problemy ze zbieraniem i prze\u0142ykaniem \u015bliny, wp\u0142ywa na higien\u0119 jamy ustnej, a nawet artykulacj\u0119, prowadz\u0105c do trudno\u015bci w komunikacji. Jest to wyzwanie zar\u00f3wno dla cierpi\u0105cego na ankyloglosj\u0119 dziecka, jak i rodzica. Jednym z mo\u017cliwych w tym przypadku rozwi\u0105za\u0144 jest przeprowadzenie zabiegu przeci\u0119cia w\u0119dzide\u0142ka podj\u0119zykowego.<\/p>\n<div dir=\"auto\">\n<p>Agnieszka Rolirad, absolwentka studi\u00f3w logopedycznych w <a class=\"x1i10hfl xjbqb8w x6umtig x1b1mbwd xaqea5y xav7gou x9f619 x1ypdohk xt0psk2 xe8uvvx xdj266r x11i5rnm xat24cr x1mh8g0r xexx8yu x4uap5 x18d9i69 xkhd6sd x16tdsg8 x1hl2dhg xggy1nq x1a2a7pz xt0b8zv x1qq9wsj xo1l8bm\" tabindex=\"0\" role=\"link\" href=\"https:\/\/www.facebook.com\/profile.php?id=100057205609380&amp;__cft__[0]=AZXbURKi887gwBU0sGy7nHDuwKoNCyzHarx0adiDvhEtSBopRRz2KGdE6TOAfXuPo44px3rKqd6xAcubXerxMY_ot1e8XStf__tpWNwMW0WyP_pjzJIMzaodMptp_N28ePBszR0lCrvghRFzCOOnCWzz5v1mfRoF2-wy_7drZBVEdhkp3QLefKyn5qRCmKb5OGQ&amp;__tn__=-]K-R\"><span class=\"xt0psk2\">Instytucie Logopedii Uniwersytetu Gda\u0144skiego<\/span><\/a> stworzy\u0142a pomoc dla dzieci, rodzic\u00f3w i specjalist\u00f3w \u2013 terapeutyczn\u0105 opowie\u015b\u0107 <a href=\"https:\/\/wydawnictwo.ug.edu.pl\/produkt\/male-ciach-bajka-o-pewnym-zabiegu\/\"><em>Ma\u0142e Ciach. Bajka o pewnym zabiegu<\/em><\/a>. Wzbogacona pi\u0119knymi ilustracjami Kai Muchy historia ma\u0142ej Basi, kt\u00f3ra poddaje si\u0119 zabiegowi przeci\u0119cia w\u0119dzide\u0142ka podj\u0119zykowego, mo\u017ce stanowi\u0107 wsparcie w procesie u\u015bwiadamiania dzieci i oswajania ich z problemem, a tak\u017ce z \u0107wiczeniami i rekonwalescencj\u0105 po operacji. Wydanie ksi\u0105\u017cki wspar\u0142 Prorektor ds. Student\u00f3w i Jako\u015bci Kszta\u0142cenia prof. UG, dr hab. Arnold K\u0142onczy\u0144ski, a dzi\u0119ki jego staraniom, ksi\u0105\u017cka zosta\u0142a zilustrowa\u0142a przez graficzk\u0119 Kaj\u0119 Much\u0119, wsp\u00f3\u0142pracuj\u0105c\u0105 ju\u017c wcze\u015bniej z Wydawnictwem Uniwersytetu Gda\u0144skiego przy wydaniu <a href=\"https:\/\/wydawnictwo.ug.edu.pl\/produkt\/odysseia\/\"><em>Odyssei<\/em><\/a> w przek\u0142adzie prof. Wac\u0142awa Dawidowicza. Publikacja zosta\u0142a wydana w ramach stypendium Miasta Torunia w dziedzinie kultury i przy wsparciu Parlamentu Student\u00f3w Uniwersytetu Gda\u0144skiego.<\/p>\n<p>Wi\u0119cej o ankyloglosji, ale tak\u017ce o procesie wydania tej ksi\u0105\u017cki mo\u017cna dowiedzie\u0107 si\u0119, czytaj\u0105c wywiad z autork\u0105, kt\u00f3ry ukaza\u0142 si\u0119 w Gazecie Uniwersyteckiej (05\/2022, str. 40-41): <a class=\"x1i10hfl xjbqb8w x6umtig x1b1mbwd xaqea5y xav7gou x9f619 x1ypdohk xt0psk2 xe8uvvx xdj266r x11i5rnm xat24cr x1mh8g0r xexx8yu x4uap5 x18d9i69 xkhd6sd x16tdsg8 x1hl2dhg xggy1nq x1a2a7pz xt0b8zv x1fey0fg\" tabindex=\"0\" role=\"link\" href=\"https:\/\/gazeta.ug.edu.pl\/wp-content\/uploads\/2022\/05\/GU_maj_2022.pdf?fbclid=IwAR1TtbmjK635rdnLI1tN24TXVt1zXKR8Nhye-x0bUrEe0l8YpAO6pDsBAeM\" target=\"_blank\" rel=\"nofollow noopener\">https:\/\/gazeta.ug.edu.pl\/&#8230;\/uploads\/2022\/05\/GU_maj_2022.pdf<\/a><\/p>\n<\/div>\n","protected":false},"excerpt":{"rendered":"<p>Ankyloglosja, czyli inaczej skr\u00f3cone w\u0119dzide\u0142ko podj\u0119zykowe to problem medyczny i logopedyczny, kt\u00f3ry utrudnia przyjmowanie pokarmu, po\u015brednio przyczyniaj\u0105c si\u0119 do zaburze\u0144 od\u017cywiania; wywo\u0142uje problemy ze zbieraniem i prze\u0142ykaniem \u015bliny, wp\u0142ywa na higien\u0119 jamy ustnej, a nawet artykulacj\u0119, prowadz\u0105c do trudno\u015bci w komunikacji. Jest to wyzwanie zar\u00f3wno dla cierpi\u0105cego na ankyloglosj\u0119 dziecka, jak i rodzica. Jednym z [&hellip;]<\/p>\n","protected":false},"author":1718,"featured_media":22971,"comment_status":"closed","ping_status":"closed","sticky":false,"template":"","format":"standard","meta":{"_acf_changed":false,"footnotes":""},"categories":[1],"tags":[],"class_list":["post-22966","post","type-post","status-publish","format-standard","has-post-thumbnail","hentry","category-aktualnosci"],"acf":[],"_links":{"self":[{"href":"https:\/\/wydawnictwo.ug.edu.pl\/en\/wp-json\/wp\/v2\/posts\/22966","targetHints":{"allow":["GET"]}}],"collection":[{"href":"https:\/\/wydawnictwo.ug.edu.pl\/en\/wp-json\/wp\/v2\/posts"}],"about":[{"href":"https:\/\/wydawnictwo.ug.edu.pl\/en\/wp-json\/wp\/v2\/types\/post"}],"author":[{"embeddable":true,"href":"https:\/\/wydawnictwo.ug.edu.pl\/en\/wp-json\/wp\/v2\/users\/1718"}],"replies":[{"embeddable":true,"href":"https:\/\/wydawnictwo.ug.edu.pl\/en\/wp-json\/wp\/v2\/comments?post=22966"}],"version-history":[{"count":0,"href":"https:\/\/wydawnictwo.ug.edu.pl\/en\/wp-json\/wp\/v2\/posts\/22966\/revisions"}],"wp:featuredmedia":[{"embeddable":true,"href":"https:\/\/wydawnictwo.ug.edu.pl\/en\/wp-json\/wp\/v2\/media\/22971"}],"wp:attachment":[{"href":"https:\/\/wydawnictwo.ug.edu.pl\/en\/wp-json\/wp\/v2\/media?parent=22966"}],"wp:term":[{"taxonomy":"category","embeddable":true,"href":"https:\/\/wydawnictwo.ug.edu.pl\/en\/wp-json\/wp\/v2\/categories?post=22966"},{"taxonomy":"post_tag","embeddable":true,"href":"https:\/\/wydawnictwo.ug.edu.pl\/en\/wp-json\/wp\/v2\/tags?post=22966"}],"curies":[{"name":"wp","href":"https:\/\/api.w.org\/{rel}","templated":true}]}}