{"id":22835,"date":"2023-01-03T08:14:08","date_gmt":"2023-01-03T08:14:08","guid":{"rendered":"https:\/\/wydawnictwo.ug.edu.pl\/?p=22835"},"modified":"2025-05-21T08:44:37","modified_gmt":"2025-05-21T08:44:37","slug":"przezycia-i-podroze-na-drodze-poznawania-wlasnego-ja-spotkanie-autorskie-z-adrianna-baran","status":"publish","type":"post","link":"https:\/\/wydawnictwo.ug.edu.pl\/en\/przezycia-i-podroze-na-drodze-poznawania-wlasnego-ja-spotkanie-autorskie-z-adrianna-baran\/","title":{"rendered":"\u201ePrze\u017cycia i podr\u00f3\u017ce. Na drodze poznawania w\u0142asnego ja\u201d \u2013 spotkanie autorskie z Adriann\u0105 Baran"},"content":{"rendered":"<p><strong>AKTUALIZACJA DATY\u00a0<\/strong>Spotkanie odb\u0119dzie si\u0119 20 stycznia (pi\u0105tek)<\/p>\n<p class=\"x11i5rnm xat24cr x1mh8g0r x1vvkbs xtlvy1s\">Szukacie w swoim \u017cyciu inspiracji do zmian? Marzycie o wyrwaniu si\u0119 cho\u0107 na chwil\u0119 z rutyny codzienno\u015bci? Uwielbiacie odkrywa\u0107 nowe miejsca i kultury, a has\u0142a, takie jak: vanlife, podr\u00f3\u017c dooko\u0142a \u015bwiata, w\u0119dr\u00f3wki bez ko\u0144ca, jazda autostopem i nocowanie pod gwiazdami wywo\u0142uj\u0105 u was dreszcz ekscytacji?<\/p>\n<p class=\"x11i5rnm xat24cr x1mh8g0r x1vvkbs xtlvy1s\">Je\u015bli cho\u0107 na jedno z powy\u017cszych pyta\u0144 odpowiedzieli\u015bcie twierdz\u0105co, to nie powinni\u015bcie omin\u0105\u0107 spotkania z Adriann\u0105 Baran, podr\u00f3\u017cniczk\u0105 i autork\u0105 ksi\u0105\u017cki <a href=\"https:\/\/wydawnictwo.ug.edu.pl\/produkt\/przezycia-i-podroze-na-drodze-poznawania-wlasnego-ja\/\"><em>Prze\u017cycia i podr\u00f3\u017ce. Na drodze poznawania w\u0142asnego ja<\/em><\/a> (WUG, 2023), kt\u00f3re odb\u0119dzie si\u0119 20 stycznia (pi\u0105tek) 2023 r. o godz. 17.00 w Bibliotece G\u0142\u00f3wnej Uniwersytetu Gda\u0144skiego. Podczas spotkania Ada zaprezentuje zdj\u0119cia r\u00f3wnie\u017c ze swojej ostatniej, przesz\u0142o miesi\u0119cznej podr\u00f3\u017cy kamperem przez Ba\u0142kany.<\/p>\n<p class=\"x11i5rnm xat24cr x1mh8g0r x1vvkbs xtlvy1s\">Adrianna Baran w latach 2020\u20132022 pracowa\u0142a jako sekretarz Wydawnictwa Uniwersytetu Gda\u0144skiego. W listopadzie 2022 roku odesz\u0142a z pracy i wyruszy\u0142a w podr\u00f3\u017c po \u015bwiecie. Wcze\u015bniejsze do\u015bwiadczenia i przemy\u015blenia z kr\u00f3tszych wypraw po r\u00f3\u017cnych zak\u0105tkach \u015bwiata opisa\u0142a w ksi\u0105\u017cce <em>Prze\u017cycia i podr\u00f3\u017ce&#8230;<\/em> stanowi\u0105cej po\u0142\u0105czenie pami\u0119tnika z podr\u00f3\u017cy, przewodnika turystycznego i poradnika rozwoju duchowego. Mimo m\u0142odego wieku zwiedzi\u0142a ju\u017c niemal trzydzie\u015bci kraj\u00f3w na czterech kontynentach, a zdobyte do\u015bwiadczenie pozwoli\u0142o jej uwolni\u0107 wewn\u0119trzne blokady, odbudowa\u0107 poczucie w\u0142asnej warto\u015bci i wreszcie \u2013 co najwa\u017cniejsze \u2013 znale\u017a\u0107 swoj\u0105 \u017cyciow\u0105 drog\u0119.<\/p>\n<p class=\"x11i5rnm xat24cr x1mh8g0r x1vvkbs xtlvy1s\">Adrianna z zawodu jest dietetykiem, z powo\u0142ania i misji \u2014 psychodietetykiem, a prywatnie mi\u0142o\u015bniczk\u0105 natury i zwierz\u0105t. Wspiera kobiety w kryzysach, na drodze zmian, w procesie budowania poczucia warto\u015bci i odkrywania siebie. Z jej dzia\u0142aniami mo\u017cecie zapozna\u0107 si\u0119 tutaj:\u00a0<a class=\"x1i10hfl xjbqb8w x6umtig x1b1mbwd xaqea5y xav7gou x9f619 x1ypdohk xt0psk2 xe8uvvx xdj266r x11i5rnm xat24cr x1mh8g0r xexx8yu x4uap5 x18d9i69 xkhd6sd x16tdsg8 x1hl2dhg xggy1nq x1a2a7pz xt0b8zv x1fey0fg\" tabindex=\"0\" role=\"link\" href=\"http:\/\/allmylinks.com\/rownowaga?fbclid=IwAR07RTQPQl9vUvSkVn7wGEUoQk_BoLrDVz_Z5LNGa-J8W4if_O3QEkYX_FQ\" target=\"_blank\" rel=\"nofollow noopener\">allmylinks.com\/rownowaga<\/a>.\u00a0W trakcie spotkania b\u0119dzie okazja do zakupu ksi\u0105\u017cki.<\/p>\n<p>Serdecznie zapraszamy!<\/p>\n<p>&nbsp;<\/p>\n<p class=\"x11i5rnm xat24cr x1mh8g0r x1vvkbs xtlvy1s\">Ksi\u0105\u017cka do nabycia w naszej <a href=\"https:\/\/wydawnictwo.ug.edu.pl\/produkt\/przezycia-i-podroze-na-drodze-poznawania-wlasnego-ja\/\">internetowej ksi\u0119garni<\/a>.<\/p>\n","protected":false},"excerpt":{"rendered":"<p>AKTUALIZACJA DATY\u00a0Spotkanie odb\u0119dzie si\u0119 20 stycznia (pi\u0105tek) Szukacie w swoim \u017cyciu inspiracji do zmian? Marzycie o wyrwaniu si\u0119 cho\u0107 na chwil\u0119 z rutyny codzienno\u015bci? Uwielbiacie odkrywa\u0107 nowe miejsca i kultury, a has\u0142a, takie jak: vanlife, podr\u00f3\u017c dooko\u0142a \u015bwiata, w\u0119dr\u00f3wki bez ko\u0144ca, jazda autostopem i nocowanie pod gwiazdami wywo\u0142uj\u0105 u was dreszcz ekscytacji? Je\u015bli cho\u0107 na [&hellip;]<\/p>\n","protected":false},"author":1718,"featured_media":22850,"comment_status":"closed","ping_status":"closed","sticky":false,"template":"","format":"standard","meta":{"_acf_changed":false,"footnotes":""},"categories":[6666],"tags":[],"class_list":["post-22835","post","type-post","status-publish","format-standard","has-post-thumbnail","hentry","category-wydarzenia"],"acf":[],"_links":{"self":[{"href":"https:\/\/wydawnictwo.ug.edu.pl\/en\/wp-json\/wp\/v2\/posts\/22835","targetHints":{"allow":["GET"]}}],"collection":[{"href":"https:\/\/wydawnictwo.ug.edu.pl\/en\/wp-json\/wp\/v2\/posts"}],"about":[{"href":"https:\/\/wydawnictwo.ug.edu.pl\/en\/wp-json\/wp\/v2\/types\/post"}],"author":[{"embeddable":true,"href":"https:\/\/wydawnictwo.ug.edu.pl\/en\/wp-json\/wp\/v2\/users\/1718"}],"replies":[{"embeddable":true,"href":"https:\/\/wydawnictwo.ug.edu.pl\/en\/wp-json\/wp\/v2\/comments?post=22835"}],"version-history":[{"count":0,"href":"https:\/\/wydawnictwo.ug.edu.pl\/en\/wp-json\/wp\/v2\/posts\/22835\/revisions"}],"wp:featuredmedia":[{"embeddable":true,"href":"https:\/\/wydawnictwo.ug.edu.pl\/en\/wp-json\/wp\/v2\/media\/22850"}],"wp:attachment":[{"href":"https:\/\/wydawnictwo.ug.edu.pl\/en\/wp-json\/wp\/v2\/media?parent=22835"}],"wp:term":[{"taxonomy":"category","embeddable":true,"href":"https:\/\/wydawnictwo.ug.edu.pl\/en\/wp-json\/wp\/v2\/categories?post=22835"},{"taxonomy":"post_tag","embeddable":true,"href":"https:\/\/wydawnictwo.ug.edu.pl\/en\/wp-json\/wp\/v2\/tags?post=22835"}],"curies":[{"name":"wp","href":"https:\/\/api.w.org\/{rel}","templated":true}]}}