{"id":22619,"date":"2022-12-20T08:39:27","date_gmt":"2022-12-20T08:39:27","guid":{"rendered":"https:\/\/wydawnictwo.ug.edu.pl\/?p=22619"},"modified":"2026-02-05T12:09:04","modified_gmt":"2026-02-05T12:09:04","slug":"oglaszamy-konkurs-do-wygrania-ksiazka-o-swietym-mikolaju-z-myr-licyjskich","status":"publish","type":"post","link":"https:\/\/wydawnictwo.ug.edu.pl\/en\/oglaszamy-konkurs-do-wygrania-ksiazka-o-swietym-mikolaju-z-myr-licyjskich\/","title":{"rendered":"Og\u0142aszamy konkurs! Do wygrania ksi\u0105\u017cka o \u015awi\u0119tym Miko\u0142aju z Myr Licyjskich"},"content":{"rendered":"<div class=\"x11i5rnm xat24cr x1mh8g0r x1vvkbs xdj266r x126k92a\">\n<p dir=\"auto\">AKTUALIZACJA (21.12.2022): KONKURS ROZSTRZYGNI\u0118TY<\/p>\n<p dir=\"auto\">Ksi\u0105\u017cka Tatiany Krynickiej <a href=\"https:\/\/wydawnictwo.ug.edu.pl\/produkt\/swiety-mikolaj-z-myr-licyjskich-w-swietle-greckich-i-lacinskich-zrodel-starozytnych-i-sredniowiecznych\/\"><em>\u015awi\u0119ty Miko\u0142aj z Myr Licyjskich w \u015bwietle greckich i \u0142aci\u0144skich \u017ar\u00f3de\u0142 staro\u017cytnych i \u015bredniowiecznych<\/em><\/a> ukaza\u0142a si\u0119 w sprzeda\u017cy. \u015awi\u0119ta Bo\u017cego Narodzenia to czas obdarowywania si\u0119, dlatego t\u0119 ksi\u0105\u017ck\u0119 mo\u017cecie otrzyma\u0107 od nas w prezencie! Co trzeba zrobi\u0107?<\/p>\n<p dir=\"auto\">Zadanie konkursowe: podziel si\u0119 swoim wspomnieniem zwi\u0105zanym ze \u015bwi\u0119tym Miko\u0142ajem. <a href=\"https:\/\/www.facebook.com\/WydawnictwoUG\/posts\/pfbid02oXyex8E3hrBPKrgkHVRoaV2dwrqMH1ENRHTtYC5baKF1kV8LuXAEwZZpKLMg2c3al\">Odpowiedzi udziel w komentarzu pod postem dotycz\u0105cym premiery ksi\u0105\u017cki na Facebooku<\/a>. Autor najciekawszej odpowiedzi otrzyma egzemplarz ksi\u0105\u017cki \u015awi\u0119ty Miko\u0142aj z Myr Licyjskich&#8230; Tatiany Kananowicz. Czas na udzielenie odpowiedzi do 21.12.2022 r. (\u015broda) do godziny 12.00. Zwyci\u0119zca zostanie poinformowany o wygranej w wiadomo\u015bci prywatnej na Facebooku.<\/p>\n<p dir=\"auto\"><a href=\"https:\/\/wydawnictwo.ug.edu.pl\/wp-content\/uploads\/2022\/12\/Regulaminu-konkursu-FB-WUG.docx.pdf\">Regulaminu konkursu<\/a><\/p>\n<\/div>\n<div class=\"x11i5rnm xat24cr x1mh8g0r x1vvkbs xtlvy1s x126k92a\">\n<p dir=\"auto\">Partnerem konkursu jest <a class=\"x1i10hfl xjbqb8w x6umtig x1b1mbwd xaqea5y xav7gou x9f619 x1ypdohk xt0psk2 xe8uvvx xdj266r x11i5rnm xat24cr x1mh8g0r xexx8yu x4uap5 x18d9i69 xkhd6sd x16tdsg8 x1hl2dhg xggy1nq x1a2a7pz xt0b8zv x1qq9wsj xo1l8bm\" tabindex=\"0\" role=\"link\" href=\"https:\/\/www.facebook.com\/radioMORS?__cft__[0]=AZX1XH_Y_vpE81YhAWeoN4wUbBZwdGMUBd17z1C5u8p9awQfvvf2XUa9LfbdnZaITAj5v8KKVmujkhvEoHlConl9iE2AL179dCmR9XU-1CDzaXzFUOsTdypiUHnpoYL6qgn66669Lsm5QYkannXVIPA59qpL0g7vd63F04eLhDz5fBAsNtmlUvHpfZXoL5umbOA&amp;__tn__=-]K-R\"><span class=\"xt0psk2\">Radio UG MORS &#8211; Mega Otwarte Radio Studenckie<\/span><\/a><span class=\"xt0psk2\">.<\/span><\/p>\n<\/div>\n","protected":false},"excerpt":{"rendered":"<p>AKTUALIZACJA (21.12.2022): KONKURS ROZSTRZYGNI\u0118TY Ksi\u0105\u017cka Tatiany Krynickiej \u015awi\u0119ty Miko\u0142aj z Myr Licyjskich w \u015bwietle greckich i \u0142aci\u0144skich \u017ar\u00f3de\u0142 staro\u017cytnych i \u015bredniowiecznych ukaza\u0142a si\u0119 w sprzeda\u017cy. \u015awi\u0119ta Bo\u017cego Narodzenia to czas obdarowywania si\u0119, dlatego t\u0119 ksi\u0105\u017ck\u0119 mo\u017cecie otrzyma\u0107 od nas w prezencie! Co trzeba zrobi\u0107? Zadanie konkursowe: podziel si\u0119 swoim wspomnieniem zwi\u0105zanym ze \u015bwi\u0119tym Miko\u0142ajem. Odpowiedzi [&hellip;]<\/p>\n","protected":false},"author":1718,"featured_media":22457,"comment_status":"closed","ping_status":"closed","sticky":false,"template":"","format":"standard","meta":{"_acf_changed":false,"footnotes":""},"categories":[1],"tags":[6668],"class_list":["post-22619","post","type-post","status-publish","format-standard","has-post-thumbnail","hentry","category-aktualnosci","tag-konkurs"],"acf":[],"_links":{"self":[{"href":"https:\/\/wydawnictwo.ug.edu.pl\/en\/wp-json\/wp\/v2\/posts\/22619","targetHints":{"allow":["GET"]}}],"collection":[{"href":"https:\/\/wydawnictwo.ug.edu.pl\/en\/wp-json\/wp\/v2\/posts"}],"about":[{"href":"https:\/\/wydawnictwo.ug.edu.pl\/en\/wp-json\/wp\/v2\/types\/post"}],"author":[{"embeddable":true,"href":"https:\/\/wydawnictwo.ug.edu.pl\/en\/wp-json\/wp\/v2\/users\/1718"}],"replies":[{"embeddable":true,"href":"https:\/\/wydawnictwo.ug.edu.pl\/en\/wp-json\/wp\/v2\/comments?post=22619"}],"version-history":[{"count":1,"href":"https:\/\/wydawnictwo.ug.edu.pl\/en\/wp-json\/wp\/v2\/posts\/22619\/revisions"}],"predecessor-version":[{"id":47213,"href":"https:\/\/wydawnictwo.ug.edu.pl\/en\/wp-json\/wp\/v2\/posts\/22619\/revisions\/47213"}],"wp:featuredmedia":[{"embeddable":true,"href":"https:\/\/wydawnictwo.ug.edu.pl\/en\/wp-json\/wp\/v2\/media\/22457"}],"wp:attachment":[{"href":"https:\/\/wydawnictwo.ug.edu.pl\/en\/wp-json\/wp\/v2\/media?parent=22619"}],"wp:term":[{"taxonomy":"category","embeddable":true,"href":"https:\/\/wydawnictwo.ug.edu.pl\/en\/wp-json\/wp\/v2\/categories?post=22619"},{"taxonomy":"post_tag","embeddable":true,"href":"https:\/\/wydawnictwo.ug.edu.pl\/en\/wp-json\/wp\/v2\/tags?post=22619"}],"curies":[{"name":"wp","href":"https:\/\/api.w.org\/{rel}","templated":true}]}}