{"id":22522,"date":"2022-12-13T10:50:55","date_gmt":"2022-12-13T10:50:55","guid":{"rendered":"https:\/\/wydawnictwo.ug.edu.pl\/?p=22522"},"modified":"2022-12-13T10:53:31","modified_gmt":"2022-12-13T10:53:31","slug":"przezycia-i-podroze-na-drodze-poznawania-wlasnego-ja-wkrotce-premiera","status":"publish","type":"post","link":"https:\/\/wydawnictwo.ug.edu.pl\/en\/przezycia-i-podroze-na-drodze-poznawania-wlasnego-ja-wkrotce-premiera\/","title":{"rendered":"\u201ePrze\u017cycia i podr\u00f3\u017ce. Na drodze poznawania w\u0142asnego ja\u201d \u2014 wkr\u00f3tce premiera"},"content":{"rendered":"<p>Jest nam niezwykle mi\u0142o poinformowa\u0107, \u017ce ksi\u0105\u017cka Adrianny Baran <a href=\"https:\/\/wydawnictwo.ug.edu.pl\/produkt\/przezycia-i-podroze-na-drodze-poznawania-wlasnego-ja\/\"><em>Prze\u017cycia i podr\u00f3\u017ce. Na drodze poznawania w\u0142asnego ja<\/em><\/a> wkr\u00f3tce zostanie wydana!<\/p>\n<p>Adrianna Baran w latach 2020\u20132022 pracowa\u0142a jako sekretarz Wydawnictwa Uniwersytetu Gda\u0144skiego. W listopadzie 2022 roku odesz\u0142a z pracy i wyruszy\u0142a w podr\u00f3\u017c po \u015bwiecie kamperem. Dotychczasowe do\u015bwiadczenia i przemy\u015blenia z kr\u00f3tszych wycieczek po r\u00f3\u017cnych zak\u0105tkach \u015bwiata, opisa\u0142a w publikacji <em>Prze\u017cycia i podr\u00f3\u017ce&#8230; <\/em>Adrianna z zawodu jest dietetykiem, z powo\u0142ania i misji \u2014 psychodietetykiem, a prywatnie mi\u0142o\u015bniczk\u0105 natury i zwierz\u0105t. Wspiera kobiety w kryzysach, na drodze zmian, w procesie budowania poczucia warto\u015bci i odkrywania siebie.<\/p>\n<p>O drodze poszukiwania swojego <em>ja<\/em>, autorka pisze: \u201eGdy zacz\u0119\u0142am uwalnia\u0107 swoje blokady, zrozumia\u0142am wreszcie, \u017ce sama jestem odpowiedzialna za swoje szcz\u0119\u015bcie, a w tym wypadku, za nieszcz\u0119\u015bcie. Zrozumia\u0142am te\u017c, \u017ce nikt wi\u0119cej nie ma prawa mnie zrani\u0107, gdy\u017c ostatnie s\u0142owo zawsze b\u0119dzie nale\u017ca\u0142o do mnie. (\u2026) By\u0142o to dla mnie tak w\u00f3wczas silne do\u015bwiadczenie, \u017ce zrobi\u0142am sobie z tej okazji tatua\u017c \u2013 kwiat Wenus, by zawsze ju\u017c przypomina\u0142 mi, \u017ce je\u015bli poczuj\u0119 si\u0119 nieszcz\u0119\u015bliwa czy skrzywdzona, to dlatego, \u017ce sama tego potrzebuj\u0119 do swojego rozwoju, a nie dlatego, \u017ce kto\u015b mi to zrobi\u0142! I na odwr\u00f3t. Je\u015bli b\u0119d\u0119 emanowa\u0107 szcz\u0119\u015bciem, to znaczy, \u017ce uczyni\u0142am swoje \u017cycie szcz\u0119\u015bliwym, a nie dla tego, \u017ce kto\u015b mnie uszcz\u0119\u015bliwi\u0142. (\u2026) M\u00f3j kwiat Wenus wyra\u017ca w\u0142asne wyzwolenie z cierpienia, na kt\u00f3re si\u0119 skazywa\u0142am i wskazuje, \u017ce sama decyduj\u0119 o w\u0142asnym losie. Ten tatua\u017c jest w\u0142a\u015bnie pewnego rodzaju zmian\u0105 w wygl\u0105dzie, kt\u00f3rej dokona\u0142am z pe\u0142nym uczuciem samoakceptacji i wewn\u0119trznej troski o siebie. Co wi\u0119cej, by\u0142 to dla mnie r\u00f3wnie\u017c punkt zwrotny w moim \u017cyciu\u201d.<\/p>\n<p>Jeste\u015bmy dumni z Adrianny i \u017cyczymy jej powodzenia w pisaniu kolejnych rozdzia\u0142\u00f3w \u017cycia!<\/p>\n<p>Aby wesprze\u0107 Ad\u0119 w jej podr\u00f3\u017cniczych planach, zach\u0119camy do odwiedzenia jej konta w serwisie <a href=\"https:\/\/patronite.pl\/rownowaga\">Patronite<\/a>. <a href=\"https:\/\/allmylinks.com\/rownowaga\">Wi\u0119cej<\/a> na temat Ady.<\/p>\n","protected":false},"excerpt":{"rendered":"<p>Jest nam niezwykle mi\u0142o poinformowa\u0107, \u017ce ksi\u0105\u017cka Adrianny Baran Prze\u017cycia i podr\u00f3\u017ce. Na drodze poznawania w\u0142asnego ja wkr\u00f3tce zostanie wydana! Adrianna Baran w latach 2020\u20132022 pracowa\u0142a jako sekretarz Wydawnictwa Uniwersytetu Gda\u0144skiego. W listopadzie 2022 roku odesz\u0142a z pracy i wyruszy\u0142a w podr\u00f3\u017c po \u015bwiecie kamperem. Dotychczasowe do\u015bwiadczenia i przemy\u015blenia z kr\u00f3tszych wycieczek po r\u00f3\u017cnych zak\u0105tkach [&hellip;]<\/p>\n","protected":false},"author":1718,"featured_media":0,"comment_status":"closed","ping_status":"closed","sticky":false,"template":"","format":"standard","meta":{"_acf_changed":false,"footnotes":""},"categories":[1],"tags":[],"class_list":["post-22522","post","type-post","status-publish","format-standard","hentry","category-aktualnosci"],"acf":[],"_links":{"self":[{"href":"https:\/\/wydawnictwo.ug.edu.pl\/en\/wp-json\/wp\/v2\/posts\/22522","targetHints":{"allow":["GET"]}}],"collection":[{"href":"https:\/\/wydawnictwo.ug.edu.pl\/en\/wp-json\/wp\/v2\/posts"}],"about":[{"href":"https:\/\/wydawnictwo.ug.edu.pl\/en\/wp-json\/wp\/v2\/types\/post"}],"author":[{"embeddable":true,"href":"https:\/\/wydawnictwo.ug.edu.pl\/en\/wp-json\/wp\/v2\/users\/1718"}],"replies":[{"embeddable":true,"href":"https:\/\/wydawnictwo.ug.edu.pl\/en\/wp-json\/wp\/v2\/comments?post=22522"}],"version-history":[{"count":0,"href":"https:\/\/wydawnictwo.ug.edu.pl\/en\/wp-json\/wp\/v2\/posts\/22522\/revisions"}],"wp:attachment":[{"href":"https:\/\/wydawnictwo.ug.edu.pl\/en\/wp-json\/wp\/v2\/media?parent=22522"}],"wp:term":[{"taxonomy":"category","embeddable":true,"href":"https:\/\/wydawnictwo.ug.edu.pl\/en\/wp-json\/wp\/v2\/categories?post=22522"},{"taxonomy":"post_tag","embeddable":true,"href":"https:\/\/wydawnictwo.ug.edu.pl\/en\/wp-json\/wp\/v2\/tags?post=22522"}],"curies":[{"name":"wp","href":"https:\/\/api.w.org\/{rel}","templated":true}]}}