{"id":22464,"date":"2022-12-06T10:17:23","date_gmt":"2022-12-06T10:17:23","guid":{"rendered":"https:\/\/wydawnictwo.ug.edu.pl\/?p=22464"},"modified":"2022-12-06T10:22:11","modified_gmt":"2022-12-06T10:22:11","slug":"o-historii-swietego-mikolaja-z-mir-licyjskich","status":"publish","type":"post","link":"https:\/\/wydawnictwo.ug.edu.pl\/en\/o-historii-swietego-mikolaja-z-mir-licyjskich\/","title":{"rendered":"O historii \u015awi\u0119tego Miko\u0142aja z Myr Licyjskich"},"content":{"rendered":"<p>Miko\u0142ajki \u2013 dla wielu z nas (a zw\u0142aszcza dzieci!) to czas obdarowywania si\u0119 prezentami przyniesionymi przez korpulentnego, starszego pana w czerwonym kubraku \u2013 \u015awi\u0119tego Miko\u0142aja. Zanim jednak Miko\u0142aj wyruszy\u0142 w coroczn\u0105 podniebn\u0105 w\u0119dr\u00f3wk\u0119 po \u015bwiecie na wielkich saniach zaprz\u0119\u017conych w renifery, w kt\u00f3rej trakcie wr\u0119cza\u0142 grzecznym maluchom wymarzone prezenty, znany by\u0142 jako biskup, patron ubogich i potrzebuj\u0105cych, handlarzy, a nawet wilk\u00f3w!<\/p>\n<p>Jego historia si\u0119ga prawdopodobnie prze\u0142omu III i IV wieku. Miko\u0142aj by\u0142 kaznodziej\u0105 \u017cyj\u0105cym i dzia\u0142aj\u0105cym w Myrach Licyjskich. Na zrekonstruowany przez historyk\u00f3w i pisarzy \u017cywot \u015bwi\u0119tego sk\u0142ada si\u0119 biografia tak\u017ce innego licyjskiego biskupa, Miko\u0142aja Pinarskiego. Na przestrzeni wiek\u00f3w na ca\u0142ym \u015bwiecie \u015awi\u0119temu Miko\u0142ajowi po\u015bwi\u0119cano kolejne utwory, pisano o dokonanych przez niego cudach, opiewano jego dzia\u0142alno\u015b\u0107 w hymnach, wierszach, czy legendach. Nas historia tego \u015awi\u0119tego niezwykle fascynuje i z pewno\u015bci\u0105 si\u0119gniemy po ksi\u0105\u017ck\u0119 Tatiany Krynickiej, kt\u00f3ra bada greckie i \u0142aci\u0144skie staro\u017cytne i \u015bredniowieczne \u017ar\u00f3d\u0142a, staraj\u0105c si\u0119 przybli\u017cy\u0107 czytelnikowi sylwetk\u0119 tej niezwyk\u0142ej postaci. Serdecznie zach\u0119camy do \u015bledzenia naszej strony, aby dowiedzie\u0107 si\u0119 wi\u0119cej o naszych nowo\u015bciach.<\/p>\n<p>Tatiana Krynicka, <a href=\"https:\/\/wydawnictwo.ug.edu.pl\/produkt\/swiety-mikolaj-z-myr-licyjskich-w-swietle-greckich-i-lacinskich-zrodel-starozytnych-i-sredniowiecznych\/\"><em>\u015awi\u0119ty Miko\u0142aj z Myr Licyjskich w \u015bwietle greckich i \u0142aci\u0144skich \u017ar\u00f3de\u0142 staro\u017cytnych i \u015bredniowiecznych<\/em><\/a><\/p>\n<p>&nbsp;<\/p>\n","protected":false},"excerpt":{"rendered":"<p>Miko\u0142ajki \u2013 dla wielu z nas (a zw\u0142aszcza dzieci!) to czas obdarowywania si\u0119 prezentami przyniesionymi przez korpulentnego, starszego pana w czerwonym kubraku \u2013 \u015awi\u0119tego Miko\u0142aja. Zanim jednak Miko\u0142aj wyruszy\u0142 w coroczn\u0105 podniebn\u0105 w\u0119dr\u00f3wk\u0119 po \u015bwiecie na wielkich saniach zaprz\u0119\u017conych w renifery, w kt\u00f3rej trakcie wr\u0119cza\u0142 grzecznym maluchom wymarzone prezenty, znany by\u0142 jako biskup, patron ubogich [&hellip;]<\/p>\n","protected":false},"author":1718,"featured_media":22457,"comment_status":"closed","ping_status":"closed","sticky":false,"template":"","format":"standard","meta":{"_acf_changed":false,"footnotes":""},"categories":[1],"tags":[],"class_list":["post-22464","post","type-post","status-publish","format-standard","has-post-thumbnail","hentry","category-aktualnosci"],"acf":[],"_links":{"self":[{"href":"https:\/\/wydawnictwo.ug.edu.pl\/en\/wp-json\/wp\/v2\/posts\/22464","targetHints":{"allow":["GET"]}}],"collection":[{"href":"https:\/\/wydawnictwo.ug.edu.pl\/en\/wp-json\/wp\/v2\/posts"}],"about":[{"href":"https:\/\/wydawnictwo.ug.edu.pl\/en\/wp-json\/wp\/v2\/types\/post"}],"author":[{"embeddable":true,"href":"https:\/\/wydawnictwo.ug.edu.pl\/en\/wp-json\/wp\/v2\/users\/1718"}],"replies":[{"embeddable":true,"href":"https:\/\/wydawnictwo.ug.edu.pl\/en\/wp-json\/wp\/v2\/comments?post=22464"}],"version-history":[{"count":0,"href":"https:\/\/wydawnictwo.ug.edu.pl\/en\/wp-json\/wp\/v2\/posts\/22464\/revisions"}],"wp:featuredmedia":[{"embeddable":true,"href":"https:\/\/wydawnictwo.ug.edu.pl\/en\/wp-json\/wp\/v2\/media\/22457"}],"wp:attachment":[{"href":"https:\/\/wydawnictwo.ug.edu.pl\/en\/wp-json\/wp\/v2\/media?parent=22464"}],"wp:term":[{"taxonomy":"category","embeddable":true,"href":"https:\/\/wydawnictwo.ug.edu.pl\/en\/wp-json\/wp\/v2\/categories?post=22464"},{"taxonomy":"post_tag","embeddable":true,"href":"https:\/\/wydawnictwo.ug.edu.pl\/en\/wp-json\/wp\/v2\/tags?post=22464"}],"curies":[{"name":"wp","href":"https:\/\/api.w.org\/{rel}","templated":true}]}}