{"id":22247,"date":"2022-11-15T11:09:06","date_gmt":"2022-11-15T11:09:06","guid":{"rendered":"https:\/\/wydawnictwo.ug.edu.pl\/?p=22247"},"modified":"2025-07-29T08:05:55","modified_gmt":"2025-07-29T08:05:55","slug":"jubileusz-70-lecia-profesora-stegnera","status":"publish","type":"post","link":"https:\/\/wydawnictwo.ug.edu.pl\/en\/jubileusz-70-lecia-profesora-stegnera\/","title":{"rendered":"Jubileusz 70-lecia Profesora Stegnera"},"content":{"rendered":"<p>18 listopada (pi\u0105tek) 2022 roku o godz. 13.00 na Wydziale Historycznym Uniwersytetu Gda\u0144skiego odb\u0119dzie si\u0119 uroczysto\u015b\u0107 Jubileuszu 70-lecia Profesora Tadeusza Stegnera \u2014 cenionego historyka, Kierownika Zak\u0142adu Historii XIX wieku na Wydziale Historycznym Uniwersytetu Gda\u0144skiego, autora wielu publikacji z zakresu historii \u017cycia codziennego w XIX i XX wieku, dziej\u00f3w polskiej my\u015bli politycznej i kwestii narodowo-wyznaniowych w Europie \u015arodkowo-Wschodniej.<\/p>\n<p>W trakcie wydarzenia us\u0142yszymy przem\u00f3wienia m.in. Dziekana Wydzia\u0142u Historycznego, dr hab. Arkadiusza Janickiego, prof. UG, JM Rektora UG prof. dr hab. Piotra Stepnowskiego, czy Prezesa Polskiego Towarzystwa Historycznego prof. dr hab. Krzysztofa Mikulskiego. Ponadto podczas Jubileuszu odb\u0119dzie si\u0119 promocja ksi\u0105\u017cki <a href=\"https:\/\/wydawnictwo.ug.edu.pl\/produkt\/wedrowki-po-dziejach-ksiega-jubileuszowa-profesora-tadeusza-stegnera\/\"><em>W\u0119dr\u00f3wki po dziejach. Ksi\u0119ga Profesora Tadeusza\u00a0<span class=\"hiddenSpellError\">Stegnera<\/span><\/em><\/a><em>\u00a0<\/em>pod redakcj\u0105 Arkadiusza i Iwony Janickich, wydana przez Wydawnictwo Uniwersytetu Gda\u0144skiego.<\/p>\n<p>Wydarzenie organizowane jest przez Uniwersytet Gda\u0144ski, Wydzia\u0142 Historyczny Uniwersytetu Gda\u0144skiego i Wydawnictwo Uniwersytetu Gda\u0144skiego w ramach cyklu Pi\u0105tek na Historycznym.<\/p>\n<p><img fetchpriority=\"high\" decoding=\"async\" class=\"size-large wp-image-22250 aligncenter\" src=\"https:\/\/wydawnictwo.ug.edu.pl\/wp-content\/uploads\/2022\/11\/plakat-WH-20.10.22-v.2.1-1-724x1024.png\" alt=\"\" width=\"724\" height=\"1024\" srcset=\"https:\/\/wydawnictwo.ug.edu.pl\/wp-content\/uploads\/2022\/11\/plakat-WH-20.10.22-v.2.1-1-724x1024.png 724w, https:\/\/wydawnictwo.ug.edu.pl\/wp-content\/uploads\/2022\/11\/plakat-WH-20.10.22-v.2.1-1-600x848.png 600w, https:\/\/wydawnictwo.ug.edu.pl\/wp-content\/uploads\/2022\/11\/plakat-WH-20.10.22-v.2.1-1-212x300.png 212w, https:\/\/wydawnictwo.ug.edu.pl\/wp-content\/uploads\/2022\/11\/plakat-WH-20.10.22-v.2.1-1-768x1086.png 768w, https:\/\/wydawnictwo.ug.edu.pl\/wp-content\/uploads\/2022\/11\/plakat-WH-20.10.22-v.2.1-1-1087x1536.png 1087w, https:\/\/wydawnictwo.ug.edu.pl\/wp-content\/uploads\/2022\/11\/plakat-WH-20.10.22-v.2.1-1-1449x2048.png 1449w, https:\/\/wydawnictwo.ug.edu.pl\/wp-content\/uploads\/2022\/11\/plakat-WH-20.10.22-v.2.1-1-640x905.png 640w, https:\/\/wydawnictwo.ug.edu.pl\/wp-content\/uploads\/2022\/11\/plakat-WH-20.10.22-v.2.1-1-400x565.png 400w\" sizes=\"(max-width: 724px) 100vw, 724px\" \/><\/p>\n","protected":false},"excerpt":{"rendered":"<p>18 listopada (pi\u0105tek) 2022 roku o godz. 13.00 na Wydziale Historycznym Uniwersytetu Gda\u0144skiego odb\u0119dzie si\u0119 uroczysto\u015b\u0107 Jubileuszu 70-lecia Profesora Tadeusza Stegnera \u2014 cenionego historyka, Kierownika Zak\u0142adu Historii XIX wieku na Wydziale Historycznym Uniwersytetu Gda\u0144skiego, autora wielu publikacji z zakresu historii \u017cycia codziennego w XIX i XX wieku, dziej\u00f3w polskiej my\u015bli politycznej i kwestii narodowo-wyznaniowych w [&hellip;]<\/p>\n","protected":false},"author":1718,"featured_media":42604,"comment_status":"closed","ping_status":"closed","sticky":false,"template":"","format":"standard","meta":{"_acf_changed":false,"footnotes":""},"categories":[6666],"tags":[],"class_list":["post-22247","post","type-post","status-publish","format-standard","has-post-thumbnail","hentry","category-wydarzenia"],"acf":[],"_links":{"self":[{"href":"https:\/\/wydawnictwo.ug.edu.pl\/en\/wp-json\/wp\/v2\/posts\/22247","targetHints":{"allow":["GET"]}}],"collection":[{"href":"https:\/\/wydawnictwo.ug.edu.pl\/en\/wp-json\/wp\/v2\/posts"}],"about":[{"href":"https:\/\/wydawnictwo.ug.edu.pl\/en\/wp-json\/wp\/v2\/types\/post"}],"author":[{"embeddable":true,"href":"https:\/\/wydawnictwo.ug.edu.pl\/en\/wp-json\/wp\/v2\/users\/1718"}],"replies":[{"embeddable":true,"href":"https:\/\/wydawnictwo.ug.edu.pl\/en\/wp-json\/wp\/v2\/comments?post=22247"}],"version-history":[{"count":0,"href":"https:\/\/wydawnictwo.ug.edu.pl\/en\/wp-json\/wp\/v2\/posts\/22247\/revisions"}],"wp:featuredmedia":[{"embeddable":true,"href":"https:\/\/wydawnictwo.ug.edu.pl\/en\/wp-json\/wp\/v2\/media\/42604"}],"wp:attachment":[{"href":"https:\/\/wydawnictwo.ug.edu.pl\/en\/wp-json\/wp\/v2\/media?parent=22247"}],"wp:term":[{"taxonomy":"category","embeddable":true,"href":"https:\/\/wydawnictwo.ug.edu.pl\/en\/wp-json\/wp\/v2\/categories?post=22247"},{"taxonomy":"post_tag","embeddable":true,"href":"https:\/\/wydawnictwo.ug.edu.pl\/en\/wp-json\/wp\/v2\/tags?post=22247"}],"curies":[{"name":"wp","href":"https:\/\/api.w.org\/{rel}","templated":true}]}}