{"id":21979,"date":"2022-10-24T12:25:53","date_gmt":"2022-10-24T12:25:53","guid":{"rendered":"https:\/\/wydawnictwo.ug.edu.pl\/?p=21979"},"modified":"2022-10-24T12:25:53","modified_gmt":"2022-10-24T12:25:53","slug":"wybierz-z-nami-cytat-tygodnia","status":"publish","type":"post","link":"https:\/\/wydawnictwo.ug.edu.pl\/en\/wybierz-z-nami-cytat-tygodnia\/","title":{"rendered":"Wybierz z nami cytat tygodnia!"},"content":{"rendered":"<p>Od wrze\u015bnia w Ksi\u0119garni Uniwersyteckiej wisi du\u017ca ramka, w kt\u00f3rej zamieszczamy <strong>cytat tygodnia<\/strong>. B\u0119dziemy go zmienia\u0107 co tydzie\u0144, by inspirowa\u0107 naszych czytelnik\u00f3w i go\u015bci, dzieli\u0107 si\u0119 z nimi przemy\u015bleniami znanych os\u00f3b \u2013 filozof\u00f3w, pisarzy i poet\u00f3w, a tak\u017ce wszystkich tych, kt\u00f3rzy podobnie jak my kochaj\u0105 ksi\u0105\u017cki. Cytat tygodnia z za\u0142o\u017cenia ma nawi\u0105zywa\u0107 do ksi\u0105\u017cek, pisania, czytania, by pokazywa\u0107, jak\u0105 warto\u015b\u0107 nios\u0105 z sob\u0105 w\u0142a\u015bnie ksi\u0105\u017cki, dlaczego s\u0105 dla nas wa\u017cne. T\u0105 inicjatyw\u0105 chcieliby\u015bmy pokaza\u0107, jak wa\u017cna jest nie tylko pami\u0119\u0107 o kszta\u0142tuj\u0105cych nas przemy\u015bleniach zawartych m.in. we fragmentach ulubionych ksi\u0105\u017cek, ale tak\u017ce refleksja nad s\u0142owami. Dlatego zach\u0119camy wszystkich student\u00f3w, a tak\u017ce wyk\u0142adowc\u00f3w do podzielenia si\u0119 z nami swoimi ulubionymi cytatami, kt\u00f3re mog\u0105 sta\u0107 si\u0119 inspiracj\u0105 dla ca\u0142ej spo\u0142eczno\u015bci akademickiej. Propozycje cytat\u00f3w przesy\u0142ajcie na adres e-mail: <a href=\"mailto:milena.szabat@ug.edu.pl\">milena.szabat@ug.edu.pl<\/a>. Co tydzie\u0144 wybierzemy jeden, kt\u00f3ry umie\u015bcimy na naszej tablicy.<\/p>\n<p>Nasz\u0105 akcj\u0119 zainaugurowali\u015bmy w ubieg\u0142ym tygodniu s\u0142owami Wis\u0142awy Szymborskiej: <em>Czytanie ksi\u0105\u017cek to najpi\u0119kniejsza zabawa, jak\u0105 sobie ludzko\u015b\u0107 wymy\u015bli\u0142a<\/em>.<\/p>\n<p>Od dzi\u015b w Ksi\u0119garni Uniwersyteckiej wisi wypowied\u017a Marcusa Tulliusa Cycerona: <em>A room without books is like a body without a soul<\/em>.<\/p>\n","protected":false},"excerpt":{"rendered":"<p>Od wrze\u015bnia w Ksi\u0119garni Uniwersyteckiej wisi du\u017ca ramka, w kt\u00f3rej zamieszczamy cytat tygodnia. B\u0119dziemy go zmienia\u0107 co tydzie\u0144, by inspirowa\u0107 naszych czytelnik\u00f3w i go\u015bci, dzieli\u0107 si\u0119 z nimi przemy\u015bleniami znanych os\u00f3b \u2013 filozof\u00f3w, pisarzy i poet\u00f3w, a tak\u017ce wszystkich tych, kt\u00f3rzy podobnie jak my kochaj\u0105 ksi\u0105\u017cki. Cytat tygodnia z za\u0142o\u017cenia ma nawi\u0105zywa\u0107 do ksi\u0105\u017cek, pisania, [&hellip;]<\/p>\n","protected":false},"author":1718,"featured_media":21980,"comment_status":"closed","ping_status":"closed","sticky":false,"template":"","format":"standard","meta":{"_acf_changed":false,"footnotes":""},"categories":[1],"tags":[],"class_list":["post-21979","post","type-post","status-publish","format-standard","has-post-thumbnail","hentry","category-aktualnosci"],"acf":[],"_links":{"self":[{"href":"https:\/\/wydawnictwo.ug.edu.pl\/en\/wp-json\/wp\/v2\/posts\/21979","targetHints":{"allow":["GET"]}}],"collection":[{"href":"https:\/\/wydawnictwo.ug.edu.pl\/en\/wp-json\/wp\/v2\/posts"}],"about":[{"href":"https:\/\/wydawnictwo.ug.edu.pl\/en\/wp-json\/wp\/v2\/types\/post"}],"author":[{"embeddable":true,"href":"https:\/\/wydawnictwo.ug.edu.pl\/en\/wp-json\/wp\/v2\/users\/1718"}],"replies":[{"embeddable":true,"href":"https:\/\/wydawnictwo.ug.edu.pl\/en\/wp-json\/wp\/v2\/comments?post=21979"}],"version-history":[{"count":0,"href":"https:\/\/wydawnictwo.ug.edu.pl\/en\/wp-json\/wp\/v2\/posts\/21979\/revisions"}],"wp:featuredmedia":[{"embeddable":true,"href":"https:\/\/wydawnictwo.ug.edu.pl\/en\/wp-json\/wp\/v2\/media\/21980"}],"wp:attachment":[{"href":"https:\/\/wydawnictwo.ug.edu.pl\/en\/wp-json\/wp\/v2\/media?parent=21979"}],"wp:term":[{"taxonomy":"category","embeddable":true,"href":"https:\/\/wydawnictwo.ug.edu.pl\/en\/wp-json\/wp\/v2\/categories?post=21979"},{"taxonomy":"post_tag","embeddable":true,"href":"https:\/\/wydawnictwo.ug.edu.pl\/en\/wp-json\/wp\/v2\/tags?post=21979"}],"curies":[{"name":"wp","href":"https:\/\/api.w.org\/{rel}","templated":true}]}}