{"id":21815,"date":"2022-10-17T07:39:39","date_gmt":"2022-10-17T07:39:39","guid":{"rendered":"https:\/\/wydawnictwo.ug.edu.pl\/?p=21815"},"modified":"2025-07-29T07:20:35","modified_gmt":"2025-07-29T07:20:35","slug":"wreczenie-nagrod-laureatom-konkursu-wydawnictwa-uniwersytetu-gdanskiego-2021","status":"publish","type":"post","link":"https:\/\/wydawnictwo.ug.edu.pl\/en\/wreczenie-nagrod-laureatom-konkursu-wydawnictwa-uniwersytetu-gdanskiego-2021\/","title":{"rendered":"Wr\u0119czenie nagr\u00f3d laureatom Konkursu Wydawnictwa Uniwersytetu Gda\u0144skiego 2021"},"content":{"rendered":"<p>6 pa\u017adziernika 2022 r. na Wydziale Prawa i Administracji Uniwersytetu Gda\u0144skiego podczas uroczystej Inauguracji Roku Akademickiego 2022\/2023 odby\u0142o si\u0119 wr\u0119czenie nagr\u00f3d laureatom Konkursu Wydawnictwa Uniwersytetu Gda\u0144skiego na najlepsz\u0105 ksi\u0105\u017ck\u0119 naukow\u0105, dydaktyczn\u0105 i przedstawiaj\u0105c\u0105 rezultaty pracy doktorskiej wydan\u0105 w 2021 roku. Dyrektor Wydawnictwa UG Joanna Kamie\u0144 oficjalnie pogratulowa\u0142a i wr\u0119czy\u0142a dyplomy zwyci\u0119zcom. Jeszcze raz przypominamy nagrodzone pozycje i zach\u0119camy do obejrzenia galerii z wr\u0119czenia nagr\u00f3d.<\/p>\n<p class=\"x11i5rnm xat24cr x1mh8g0r x1vvkbs xtlvy1s x126k92a\"><strong>Najlepsza ksi\u0105\u017cka naukowa:<\/strong><\/p>\n<ul>\n<li class=\"x11i5rnm xat24cr x1mh8g0r x1vvkbs xtlvy1s x126k92a\">I miejsce: Anna \u017begli\u0144ska, <a href=\"https:\/\/wydawnictwo.ug.edu.pl\/produkt\/finckensteinowie-wschodniopruscy-i-ich-archiwa\/\"><em>Finckensteinowie wschodniopruscy i ich archiwa<\/em><\/a><\/li>\n<li class=\"x11i5rnm xat24cr x1mh8g0r x1vvkbs xtlvy1s x126k92a\">II miejsce: Pawe\u0142 Gali\u0144ski, <a href=\"https:\/\/wydawnictwo.ug.edu.pl\/produkt\/zagrozenie-fiskalne-jednostek-samorzadu-terytorialnego-uwarunkowania-pomiar-ograniczanie\/\"><em>Zagro\u017cenie fiskalne jednostek samorz\u0105du terytorialnego. Uwarunkowania, pomiar, ograniczanie<\/em><\/a><\/li>\n<li class=\"x11i5rnm xat24cr x1mh8g0r x1vvkbs xtlvy1s x126k92a\">III miejsce: Janina Ciechanowicz-McLean, <a href=\"https:\/\/wydawnictwo.ug.edu.pl\/produkt\/globalne-prawo-srodowiska-podstawowe-zagadnienia\/\"><em>Globalne prawo ochrony \u015brodowiska<\/em><\/a><\/li>\n<\/ul>\n<p dir=\"auto\"><strong>Najlepsza ksi\u0105\u017cka dydaktyczna:<\/strong><\/p>\n<ul>\n<li dir=\"auto\">I miejsce:<em><a href=\"https:\/\/wydawnictwo.ug.edu.pl\/produkt\/dobre-praktyki-w-nauczaniu-na-studiach-prawniczych\/\"> Dobre praktyki w nauczaniu na studiach prawniczych<\/a>,<\/em> red. M. Balwicka-Szczyrba, J. Kruczalak-Jankowska<\/li>\n<\/ul>\n<p class=\"x11i5rnm xat24cr x1mh8g0r x1vvkbs xtlvy1s x126k92a\"><strong>Najlepsza ksi\u0105\u017cka przedstawiaj\u0105ca rezultaty pracy doktorskiej:<\/strong><\/p>\n<ul>\n<li class=\"x11i5rnm xat24cr x1mh8g0r x1vvkbs xtlvy1s x126k92a\">I miejsce: Patryk Kaczmarek, <a href=\"https:\/\/wydawnictwo.ug.edu.pl\/produkt\/proces-regulacji-sektora-bankowego-w-szwajcarii-w-ramach-demokracji-bezposredniej-i-systemu-federalnego-szczegolna-rola-szwajcarskiej-rady-nadzoru-rynku-finansowego-finma\/\"><em>Proces regulacji sektora bankowego w Szwajcarii w ramach demokracji bezpo\u015bredniej i systemu federalnego<\/em><\/a><\/li>\n<li class=\"x11i5rnm xat24cr x1mh8g0r x1vvkbs xtlvy1s x126k92a\">II miejsce: Andrzej Mo\u015b, <a href=\"https:\/\/wydawnictwo.ug.edu.pl\/produkt\/zasady-relacji-miedzy-rzeczapospolita-polska-a-kosciolem-katolickim-w-zakresie-ochrony-koscielnych-dobr-kultury\/\"><em>Zasady relacji mi\u0119dzy Rzecz\u0105pospolit\u0105 Polsk\u0105 a Ko\u015bcio\u0142em katolickim w zakresie ochrony ko\u015bcielnych d\u00f3br kultury<\/em><\/a><\/li>\n<li class=\"x11i5rnm xat24cr x1mh8g0r x1vvkbs xtlvy1s x126k92a\">III miejsce: Marta Cebera, <a href=\"https:\/\/wydawnictwo.ug.edu.pl\/produkt\/sztuka-aktorska-aleksandry-slaskiej\/\"><em>Sztuka aktorska Aleksandry \u015al\u0105skiej<\/em><\/a><\/li>\n<\/ul>\n<div id='gallery-1' class='gallery galleryid-21815 gallery-columns-5 gallery-size-thumbnail'><figure class='gallery-item'>\n\t\t\t<div class='gallery-icon landscape'>\n\t\t\t\t<a href='https:\/\/wydawnictwo.ug.edu.pl\/wp-content\/uploads\/2022\/10\/inauguracja_2022-2023_wpia_ug_fot._slawomir_dajkowski_img_1347.jpg'><img decoding=\"async\" width=\"150\" height=\"150\" src=\"https:\/\/wydawnictwo.ug.edu.pl\/wp-content\/uploads\/2022\/10\/inauguracja_2022-2023_wpia_ug_fot._slawomir_dajkowski_img_1347-150x150.jpg\" class=\"attachment-thumbnail size-thumbnail\" alt=\"\" srcset=\"https:\/\/wydawnictwo.ug.edu.pl\/wp-content\/uploads\/2022\/10\/inauguracja_2022-2023_wpia_ug_fot._slawomir_dajkowski_img_1347-150x150.jpg 150w, https:\/\/wydawnictwo.ug.edu.pl\/wp-content\/uploads\/2022\/10\/inauguracja_2022-2023_wpia_ug_fot._slawomir_dajkowski_img_1347-100x100.jpg 100w, https:\/\/wydawnictwo.ug.edu.pl\/wp-content\/uploads\/2022\/10\/inauguracja_2022-2023_wpia_ug_fot._slawomir_dajkowski_img_1347-85x85.jpg 85w, https:\/\/wydawnictwo.ug.edu.pl\/wp-content\/uploads\/2022\/10\/inauguracja_2022-2023_wpia_ug_fot._slawomir_dajkowski_img_1347-32x32.jpg 32w\" sizes=\"(max-width: 150px) 100vw, 150px\" \/><\/a>\n\t\t\t<\/div><\/figure><figure class='gallery-item'>\n\t\t\t<div class='gallery-icon landscape'>\n\t\t\t\t<a href='https:\/\/wydawnictwo.ug.edu.pl\/wp-content\/uploads\/2022\/10\/inauguracja_2022-2023_wpia_ug_fot._slawomir_dajkowski_img_1374.jpg'><img decoding=\"async\" width=\"150\" height=\"150\" src=\"https:\/\/wydawnictwo.ug.edu.pl\/wp-content\/uploads\/2022\/10\/inauguracja_2022-2023_wpia_ug_fot._slawomir_dajkowski_img_1374-150x150.jpg\" class=\"attachment-thumbnail size-thumbnail\" alt=\"\" srcset=\"https:\/\/wydawnictwo.ug.edu.pl\/wp-content\/uploads\/2022\/10\/inauguracja_2022-2023_wpia_ug_fot._slawomir_dajkowski_img_1374-150x150.jpg 150w, https:\/\/wydawnictwo.ug.edu.pl\/wp-content\/uploads\/2022\/10\/inauguracja_2022-2023_wpia_ug_fot._slawomir_dajkowski_img_1374-100x100.jpg 100w, https:\/\/wydawnictwo.ug.edu.pl\/wp-content\/uploads\/2022\/10\/inauguracja_2022-2023_wpia_ug_fot._slawomir_dajkowski_img_1374-85x85.jpg 85w, https:\/\/wydawnictwo.ug.edu.pl\/wp-content\/uploads\/2022\/10\/inauguracja_2022-2023_wpia_ug_fot._slawomir_dajkowski_img_1374-32x32.jpg 32w\" sizes=\"(max-width: 150px) 100vw, 150px\" \/><\/a>\n\t\t\t<\/div><\/figure><figure class='gallery-item'>\n\t\t\t<div class='gallery-icon landscape'>\n\t\t\t\t<a href='https:\/\/wydawnictwo.ug.edu.pl\/wp-content\/uploads\/2022\/10\/inauguracja_2022-2023_wpia_ug_fot._slawomir_dajkowski_img_1384.jpg'><img decoding=\"async\" width=\"150\" height=\"150\" src=\"https:\/\/wydawnictwo.ug.edu.pl\/wp-content\/uploads\/2022\/10\/inauguracja_2022-2023_wpia_ug_fot._slawomir_dajkowski_img_1384-150x150.jpg\" class=\"attachment-thumbnail size-thumbnail\" alt=\"\" srcset=\"https:\/\/wydawnictwo.ug.edu.pl\/wp-content\/uploads\/2022\/10\/inauguracja_2022-2023_wpia_ug_fot._slawomir_dajkowski_img_1384-150x150.jpg 150w, https:\/\/wydawnictwo.ug.edu.pl\/wp-content\/uploads\/2022\/10\/inauguracja_2022-2023_wpia_ug_fot._slawomir_dajkowski_img_1384-100x100.jpg 100w, https:\/\/wydawnictwo.ug.edu.pl\/wp-content\/uploads\/2022\/10\/inauguracja_2022-2023_wpia_ug_fot._slawomir_dajkowski_img_1384-85x85.jpg 85w, https:\/\/wydawnictwo.ug.edu.pl\/wp-content\/uploads\/2022\/10\/inauguracja_2022-2023_wpia_ug_fot._slawomir_dajkowski_img_1384-32x32.jpg 32w\" sizes=\"(max-width: 150px) 100vw, 150px\" \/><\/a>\n\t\t\t<\/div><\/figure><figure class='gallery-item'>\n\t\t\t<div class='gallery-icon landscape'>\n\t\t\t\t<a href='https:\/\/wydawnictwo.ug.edu.pl\/wp-content\/uploads\/2022\/10\/inauguracja_2022-2023_wpia_ug_fot._slawomir_dajkowski_img_1363.jpg'><img loading=\"lazy\" decoding=\"async\" width=\"150\" height=\"150\" src=\"https:\/\/wydawnictwo.ug.edu.pl\/wp-content\/uploads\/2022\/10\/inauguracja_2022-2023_wpia_ug_fot._slawomir_dajkowski_img_1363-150x150.jpg\" class=\"attachment-thumbnail size-thumbnail\" alt=\"\" srcset=\"https:\/\/wydawnictwo.ug.edu.pl\/wp-content\/uploads\/2022\/10\/inauguracja_2022-2023_wpia_ug_fot._slawomir_dajkowski_img_1363-150x150.jpg 150w, https:\/\/wydawnictwo.ug.edu.pl\/wp-content\/uploads\/2022\/10\/inauguracja_2022-2023_wpia_ug_fot._slawomir_dajkowski_img_1363-100x100.jpg 100w, https:\/\/wydawnictwo.ug.edu.pl\/wp-content\/uploads\/2022\/10\/inauguracja_2022-2023_wpia_ug_fot._slawomir_dajkowski_img_1363-85x85.jpg 85w, https:\/\/wydawnictwo.ug.edu.pl\/wp-content\/uploads\/2022\/10\/inauguracja_2022-2023_wpia_ug_fot._slawomir_dajkowski_img_1363-32x32.jpg 32w\" sizes=\"(max-width: 150px) 100vw, 150px\" \/><\/a>\n\t\t\t<\/div><\/figure><figure class='gallery-item'>\n\t\t\t<div class='gallery-icon landscape'>\n\t\t\t\t<a href='https:\/\/wydawnictwo.ug.edu.pl\/wp-content\/uploads\/2022\/10\/inauguracja_2022-2023_wpia_ug_fot._slawomir_dajkowski_img_1352.jpg'><img loading=\"lazy\" decoding=\"async\" width=\"150\" height=\"150\" src=\"https:\/\/wydawnictwo.ug.edu.pl\/wp-content\/uploads\/2022\/10\/inauguracja_2022-2023_wpia_ug_fot._slawomir_dajkowski_img_1352-150x150.jpg\" class=\"attachment-thumbnail size-thumbnail\" alt=\"\" srcset=\"https:\/\/wydawnictwo.ug.edu.pl\/wp-content\/uploads\/2022\/10\/inauguracja_2022-2023_wpia_ug_fot._slawomir_dajkowski_img_1352-150x150.jpg 150w, https:\/\/wydawnictwo.ug.edu.pl\/wp-content\/uploads\/2022\/10\/inauguracja_2022-2023_wpia_ug_fot._slawomir_dajkowski_img_1352-100x100.jpg 100w, https:\/\/wydawnictwo.ug.edu.pl\/wp-content\/uploads\/2022\/10\/inauguracja_2022-2023_wpia_ug_fot._slawomir_dajkowski_img_1352-85x85.jpg 85w, https:\/\/wydawnictwo.ug.edu.pl\/wp-content\/uploads\/2022\/10\/inauguracja_2022-2023_wpia_ug_fot._slawomir_dajkowski_img_1352-32x32.jpg 32w\" sizes=\"(max-width: 150px) 100vw, 150px\" \/><\/a>\n\t\t\t<\/div><\/figure>\n\t\t<\/div>\n\n<div class=\"x11i5rnm xat24cr x1mh8g0r x1vvkbs xtlvy1s x126k92a\">\n<p dir=\"auto\"><em>\u0179r\u00f3d\u0142o: <a href=\"https:\/\/prawo.ug.edu.pl\/inauguracja_2022-2023_relacja\">prawo.ug.edu.pl<\/a><\/em><\/p>\n<\/div>\n","protected":false},"excerpt":{"rendered":"<p>6 pa\u017adziernika 2022 r. na Wydziale Prawa i Administracji Uniwersytetu Gda\u0144skiego podczas uroczystej Inauguracji Roku Akademickiego 2022\/2023 odby\u0142o si\u0119 wr\u0119czenie nagr\u00f3d laureatom Konkursu Wydawnictwa Uniwersytetu Gda\u0144skiego na najlepsz\u0105 ksi\u0105\u017ck\u0119 naukow\u0105, dydaktyczn\u0105 i przedstawiaj\u0105c\u0105 rezultaty pracy doktorskiej wydan\u0105 w 2021 roku. Dyrektor Wydawnictwa UG Joanna Kamie\u0144 oficjalnie pogratulowa\u0142a i wr\u0119czy\u0142a dyplomy zwyci\u0119zcom. Jeszcze raz przypominamy nagrodzone [&hellip;]<\/p>\n","protected":false},"author":1718,"featured_media":42585,"comment_status":"closed","ping_status":"closed","sticky":false,"template":"","format":"standard","meta":{"_acf_changed":false,"footnotes":""},"categories":[1],"tags":[6787],"class_list":["post-21815","post","type-post","status-publish","format-standard","has-post-thumbnail","hentry","category-aktualnosci","tag-konkurswug"],"acf":[],"_links":{"self":[{"href":"https:\/\/wydawnictwo.ug.edu.pl\/en\/wp-json\/wp\/v2\/posts\/21815","targetHints":{"allow":["GET"]}}],"collection":[{"href":"https:\/\/wydawnictwo.ug.edu.pl\/en\/wp-json\/wp\/v2\/posts"}],"about":[{"href":"https:\/\/wydawnictwo.ug.edu.pl\/en\/wp-json\/wp\/v2\/types\/post"}],"author":[{"embeddable":true,"href":"https:\/\/wydawnictwo.ug.edu.pl\/en\/wp-json\/wp\/v2\/users\/1718"}],"replies":[{"embeddable":true,"href":"https:\/\/wydawnictwo.ug.edu.pl\/en\/wp-json\/wp\/v2\/comments?post=21815"}],"version-history":[{"count":0,"href":"https:\/\/wydawnictwo.ug.edu.pl\/en\/wp-json\/wp\/v2\/posts\/21815\/revisions"}],"wp:featuredmedia":[{"embeddable":true,"href":"https:\/\/wydawnictwo.ug.edu.pl\/en\/wp-json\/wp\/v2\/media\/42585"}],"wp:attachment":[{"href":"https:\/\/wydawnictwo.ug.edu.pl\/en\/wp-json\/wp\/v2\/media?parent=21815"}],"wp:term":[{"taxonomy":"category","embeddable":true,"href":"https:\/\/wydawnictwo.ug.edu.pl\/en\/wp-json\/wp\/v2\/categories?post=21815"},{"taxonomy":"post_tag","embeddable":true,"href":"https:\/\/wydawnictwo.ug.edu.pl\/en\/wp-json\/wp\/v2\/tags?post=21815"}],"curies":[{"name":"wp","href":"https:\/\/api.w.org\/{rel}","templated":true}]}}