{"id":21596,"date":"2022-10-07T08:52:03","date_gmt":"2022-10-07T08:52:03","guid":{"rendered":"https:\/\/wydawnictwo.ug.edu.pl\/?p=21596"},"modified":"2025-07-29T06:11:10","modified_gmt":"2025-07-29T06:11:10","slug":"inauguracja-roku-akademickiego-2022-2023","status":"publish","type":"post","link":"https:\/\/wydawnictwo.ug.edu.pl\/en\/inauguracja-roku-akademickiego-2022-2023\/","title":{"rendered":"Inauguracja roku akademickiego 2022\/2023"},"content":{"rendered":"<p>3 pa\u017adziernika 2022 roku w czytelni Biblioteki Uniwersytetu Gda\u0144skiego odby\u0142a si\u0119 inauguracja roku akademickiego 2022\/2023. Rektor uczelni, prof. dr hab. Piotr Stepnowski w otwieraj\u0105cym uroczysto\u015b\u0107 przem\u00f3wieniu odwo\u0142a\u0142 si\u0119 do morskiej tradycji uniwersytetu, przekonuj\u0105c, \u017ce nauk\u0119 i morze \u0142\u0105czy wiele, obie s\u0105 \u201etajemnicze i poci\u0105gaj\u0105ce\u201d i wci\u0105\u017c czekaj\u0105 na odkrycie.<\/p>\n<p>Wa\u017cnym punktem inauguracji by\u0142o przedstawienie idei partnerstwa nadmorskich uczelni w ramach Programu Europejskiego Uniwersytetu Nadmorskiego SEA-EU, w kt\u00f3ry zaanga\u017cowane s\u0105 o\u015brodki naukowe z Chorwacji, Francji, Hiszpanii, Malty, Niemiec, Norwegii, Portugalii W\u0142och i Polski, a u jego podstaw le\u017cy dzia\u0142anie ukierunkowane na zr\u00f3wnowa\u017cony rozw\u00f3j obszar\u00f3w morskich i oceanicznych, ochron\u0119 \u015brodowiska oraz prawa morskiego.<\/p>\n<p>Inauguracji towarzyszy\u0142o ponadto oficjalne otwarcie wystawy SEA EU by the Sea. Nadmorskie uniwersytety SEA EU w malarstwie Anety Oniszczuk-Jastrz\u0105bek. Zgromadzeni go\u015bcie mogli podziwia\u0107 impresyjne obrazy wizerunk\u00f3w uniwersytet\u00f3w obj\u0119tych programem SEA-EU, namalowanych przez Kierownik Katedry Transportu i Handlu Morskiego na Wydziale Ekonomicznym Uniwersytetu Gda\u0144skiego, prof. UG dr hab. Anet\u0119 Oniszczuk-Jastrz\u0105bek.<\/p>\n<p>Wystaw\u0119 zorganizowan\u0105 przez Uniwersytet Gda\u0144ski, Muzeum Uniwersytetu Gda\u0144skiego i Wydawnictwo Uniwersytetu Gda\u0144skiego mo\u017cna obejrze\u0107 na parterze Biblioteki Uniwersytetu Gda\u0144skiego do 10 lutego 2023 roku.<\/p>\n<p>Zach\u0119camy do obejrzenia galerii zdj\u0119\u0107 z inauguracji wykonanych przez Tomasza Nowickiego.<\/p>\n<div id='gallery-1' class='gallery galleryid-21596 gallery-columns-3 gallery-size-thumbnail'><figure class='gallery-item'>\n\t\t\t<div class='gallery-icon portrait'>\n\t\t\t\t<a href='https:\/\/wydawnictwo.ug.edu.pl\/wp-content\/uploads\/2022\/10\/020_TNowicki_Inauguracja_UG-2022_1600px.jpeg'><img decoding=\"async\" width=\"150\" height=\"150\" src=\"https:\/\/wydawnictwo.ug.edu.pl\/wp-content\/uploads\/2022\/10\/020_TNowicki_Inauguracja_UG-2022_1600px-150x150.jpeg\" class=\"attachment-thumbnail size-thumbnail\" alt=\"\" srcset=\"https:\/\/wydawnictwo.ug.edu.pl\/wp-content\/uploads\/2022\/10\/020_TNowicki_Inauguracja_UG-2022_1600px-150x150.jpeg 150w, https:\/\/wydawnictwo.ug.edu.pl\/wp-content\/uploads\/2022\/10\/020_TNowicki_Inauguracja_UG-2022_1600px-600x600.jpeg 600w, https:\/\/wydawnictwo.ug.edu.pl\/wp-content\/uploads\/2022\/10\/020_TNowicki_Inauguracja_UG-2022_1600px-100x100.jpeg 100w, https:\/\/wydawnictwo.ug.edu.pl\/wp-content\/uploads\/2022\/10\/020_TNowicki_Inauguracja_UG-2022_1600px-85x85.jpeg 85w, https:\/\/wydawnictwo.ug.edu.pl\/wp-content\/uploads\/2022\/10\/020_TNowicki_Inauguracja_UG-2022_1600px-32x32.jpeg 32w\" sizes=\"(max-width: 150px) 100vw, 150px\" \/><\/a>\n\t\t\t<\/div><\/figure><figure class='gallery-item'>\n\t\t\t<div class='gallery-icon landscape'>\n\t\t\t\t<a href='https:\/\/wydawnictwo.ug.edu.pl\/wp-content\/uploads\/2022\/10\/032_TNowicki_Inauguracja_UG-2022_1600px.jpeg'><img decoding=\"async\" width=\"150\" height=\"150\" src=\"https:\/\/wydawnictwo.ug.edu.pl\/wp-content\/uploads\/2022\/10\/032_TNowicki_Inauguracja_UG-2022_1600px-150x150.jpeg\" class=\"attachment-thumbnail size-thumbnail\" alt=\"\" srcset=\"https:\/\/wydawnictwo.ug.edu.pl\/wp-content\/uploads\/2022\/10\/032_TNowicki_Inauguracja_UG-2022_1600px-150x150.jpeg 150w, https:\/\/wydawnictwo.ug.edu.pl\/wp-content\/uploads\/2022\/10\/032_TNowicki_Inauguracja_UG-2022_1600px-600x600.jpeg 600w, https:\/\/wydawnictwo.ug.edu.pl\/wp-content\/uploads\/2022\/10\/032_TNowicki_Inauguracja_UG-2022_1600px-100x100.jpeg 100w, https:\/\/wydawnictwo.ug.edu.pl\/wp-content\/uploads\/2022\/10\/032_TNowicki_Inauguracja_UG-2022_1600px-85x85.jpeg 85w, https:\/\/wydawnictwo.ug.edu.pl\/wp-content\/uploads\/2022\/10\/032_TNowicki_Inauguracja_UG-2022_1600px-32x32.jpeg 32w\" sizes=\"(max-width: 150px) 100vw, 150px\" \/><\/a>\n\t\t\t<\/div><\/figure><figure class='gallery-item'>\n\t\t\t<div class='gallery-icon landscape'>\n\t\t\t\t<a href='https:\/\/wydawnictwo.ug.edu.pl\/wp-content\/uploads\/2022\/10\/084_TNowicki_Inauguracja_UG-2022_1600px.jpeg'><img decoding=\"async\" width=\"150\" height=\"150\" src=\"https:\/\/wydawnictwo.ug.edu.pl\/wp-content\/uploads\/2022\/10\/084_TNowicki_Inauguracja_UG-2022_1600px-150x150.jpeg\" class=\"attachment-thumbnail size-thumbnail\" alt=\"\" srcset=\"https:\/\/wydawnictwo.ug.edu.pl\/wp-content\/uploads\/2022\/10\/084_TNowicki_Inauguracja_UG-2022_1600px-150x150.jpeg 150w, https:\/\/wydawnictwo.ug.edu.pl\/wp-content\/uploads\/2022\/10\/084_TNowicki_Inauguracja_UG-2022_1600px-600x600.jpeg 600w, https:\/\/wydawnictwo.ug.edu.pl\/wp-content\/uploads\/2022\/10\/084_TNowicki_Inauguracja_UG-2022_1600px-100x100.jpeg 100w, https:\/\/wydawnictwo.ug.edu.pl\/wp-content\/uploads\/2022\/10\/084_TNowicki_Inauguracja_UG-2022_1600px-85x85.jpeg 85w, https:\/\/wydawnictwo.ug.edu.pl\/wp-content\/uploads\/2022\/10\/084_TNowicki_Inauguracja_UG-2022_1600px-32x32.jpeg 32w\" sizes=\"(max-width: 150px) 100vw, 150px\" \/><\/a>\n\t\t\t<\/div><\/figure><figure class='gallery-item'>\n\t\t\t<div class='gallery-icon landscape'>\n\t\t\t\t<a href='https:\/\/wydawnictwo.ug.edu.pl\/wp-content\/uploads\/2022\/10\/036_TNowicki_Inauguracja_UG-2022_1600px.jpeg'><img loading=\"lazy\" decoding=\"async\" width=\"150\" height=\"150\" src=\"https:\/\/wydawnictwo.ug.edu.pl\/wp-content\/uploads\/2022\/10\/036_TNowicki_Inauguracja_UG-2022_1600px-150x150.jpeg\" class=\"attachment-thumbnail size-thumbnail\" alt=\"\" srcset=\"https:\/\/wydawnictwo.ug.edu.pl\/wp-content\/uploads\/2022\/10\/036_TNowicki_Inauguracja_UG-2022_1600px-150x150.jpeg 150w, https:\/\/wydawnictwo.ug.edu.pl\/wp-content\/uploads\/2022\/10\/036_TNowicki_Inauguracja_UG-2022_1600px-600x600.jpeg 600w, https:\/\/wydawnictwo.ug.edu.pl\/wp-content\/uploads\/2022\/10\/036_TNowicki_Inauguracja_UG-2022_1600px-100x100.jpeg 100w, https:\/\/wydawnictwo.ug.edu.pl\/wp-content\/uploads\/2022\/10\/036_TNowicki_Inauguracja_UG-2022_1600px-85x85.jpeg 85w, https:\/\/wydawnictwo.ug.edu.pl\/wp-content\/uploads\/2022\/10\/036_TNowicki_Inauguracja_UG-2022_1600px-32x32.jpeg 32w\" sizes=\"(max-width: 150px) 100vw, 150px\" \/><\/a>\n\t\t\t<\/div><\/figure><figure class='gallery-item'>\n\t\t\t<div class='gallery-icon landscape'>\n\t\t\t\t<a href='https:\/\/wydawnictwo.ug.edu.pl\/wp-content\/uploads\/2022\/10\/059_TNowicki_Inauguracja_UG-2022_1600px.jpeg'><img loading=\"lazy\" decoding=\"async\" width=\"150\" height=\"150\" src=\"https:\/\/wydawnictwo.ug.edu.pl\/wp-content\/uploads\/2022\/10\/059_TNowicki_Inauguracja_UG-2022_1600px-150x150.jpeg\" class=\"attachment-thumbnail size-thumbnail\" alt=\"\" srcset=\"https:\/\/wydawnictwo.ug.edu.pl\/wp-content\/uploads\/2022\/10\/059_TNowicki_Inauguracja_UG-2022_1600px-150x150.jpeg 150w, https:\/\/wydawnictwo.ug.edu.pl\/wp-content\/uploads\/2022\/10\/059_TNowicki_Inauguracja_UG-2022_1600px-600x600.jpeg 600w, https:\/\/wydawnictwo.ug.edu.pl\/wp-content\/uploads\/2022\/10\/059_TNowicki_Inauguracja_UG-2022_1600px-100x100.jpeg 100w, https:\/\/wydawnictwo.ug.edu.pl\/wp-content\/uploads\/2022\/10\/059_TNowicki_Inauguracja_UG-2022_1600px-85x85.jpeg 85w, https:\/\/wydawnictwo.ug.edu.pl\/wp-content\/uploads\/2022\/10\/059_TNowicki_Inauguracja_UG-2022_1600px-32x32.jpeg 32w\" sizes=\"(max-width: 150px) 100vw, 150px\" \/><\/a>\n\t\t\t<\/div><\/figure><figure class='gallery-item'>\n\t\t\t<div class='gallery-icon landscape'>\n\t\t\t\t<a href='https:\/\/wydawnictwo.ug.edu.pl\/wp-content\/uploads\/2022\/10\/062_TNowicki_Inauguracja_UG-2022_1600px.jpeg'><img loading=\"lazy\" decoding=\"async\" width=\"150\" height=\"150\" src=\"https:\/\/wydawnictwo.ug.edu.pl\/wp-content\/uploads\/2022\/10\/062_TNowicki_Inauguracja_UG-2022_1600px-150x150.jpeg\" class=\"attachment-thumbnail size-thumbnail\" alt=\"\" srcset=\"https:\/\/wydawnictwo.ug.edu.pl\/wp-content\/uploads\/2022\/10\/062_TNowicki_Inauguracja_UG-2022_1600px-150x150.jpeg 150w, https:\/\/wydawnictwo.ug.edu.pl\/wp-content\/uploads\/2022\/10\/062_TNowicki_Inauguracja_UG-2022_1600px-600x600.jpeg 600w, https:\/\/wydawnictwo.ug.edu.pl\/wp-content\/uploads\/2022\/10\/062_TNowicki_Inauguracja_UG-2022_1600px-100x100.jpeg 100w, https:\/\/wydawnictwo.ug.edu.pl\/wp-content\/uploads\/2022\/10\/062_TNowicki_Inauguracja_UG-2022_1600px-85x85.jpeg 85w, https:\/\/wydawnictwo.ug.edu.pl\/wp-content\/uploads\/2022\/10\/062_TNowicki_Inauguracja_UG-2022_1600px-32x32.jpeg 32w\" sizes=\"(max-width: 150px) 100vw, 150px\" \/><\/a>\n\t\t\t<\/div><\/figure><figure class='gallery-item'>\n\t\t\t<div class='gallery-icon landscape'>\n\t\t\t\t<a href='https:\/\/wydawnictwo.ug.edu.pl\/wp-content\/uploads\/2022\/10\/050_TNowicki_Inauguracja_UG-2022_1600px.jpeg'><img loading=\"lazy\" decoding=\"async\" width=\"150\" height=\"150\" src=\"https:\/\/wydawnictwo.ug.edu.pl\/wp-content\/uploads\/2022\/10\/050_TNowicki_Inauguracja_UG-2022_1600px-150x150.jpeg\" class=\"attachment-thumbnail size-thumbnail\" alt=\"\" srcset=\"https:\/\/wydawnictwo.ug.edu.pl\/wp-content\/uploads\/2022\/10\/050_TNowicki_Inauguracja_UG-2022_1600px-150x150.jpeg 150w, https:\/\/wydawnictwo.ug.edu.pl\/wp-content\/uploads\/2022\/10\/050_TNowicki_Inauguracja_UG-2022_1600px-600x600.jpeg 600w, https:\/\/wydawnictwo.ug.edu.pl\/wp-content\/uploads\/2022\/10\/050_TNowicki_Inauguracja_UG-2022_1600px-100x100.jpeg 100w, https:\/\/wydawnictwo.ug.edu.pl\/wp-content\/uploads\/2022\/10\/050_TNowicki_Inauguracja_UG-2022_1600px-85x85.jpeg 85w, https:\/\/wydawnictwo.ug.edu.pl\/wp-content\/uploads\/2022\/10\/050_TNowicki_Inauguracja_UG-2022_1600px-32x32.jpeg 32w\" sizes=\"(max-width: 150px) 100vw, 150px\" \/><\/a>\n\t\t\t<\/div><\/figure><figure class='gallery-item'>\n\t\t\t<div class='gallery-icon landscape'>\n\t\t\t\t<a href='https:\/\/wydawnictwo.ug.edu.pl\/wp-content\/uploads\/2022\/10\/096_TNowicki_Inauguracja_UG-2022_1600px.jpeg'><img loading=\"lazy\" decoding=\"async\" width=\"150\" height=\"150\" src=\"https:\/\/wydawnictwo.ug.edu.pl\/wp-content\/uploads\/2022\/10\/096_TNowicki_Inauguracja_UG-2022_1600px-150x150.jpeg\" class=\"attachment-thumbnail size-thumbnail\" alt=\"\" srcset=\"https:\/\/wydawnictwo.ug.edu.pl\/wp-content\/uploads\/2022\/10\/096_TNowicki_Inauguracja_UG-2022_1600px-150x150.jpeg 150w, https:\/\/wydawnictwo.ug.edu.pl\/wp-content\/uploads\/2022\/10\/096_TNowicki_Inauguracja_UG-2022_1600px-600x600.jpeg 600w, https:\/\/wydawnictwo.ug.edu.pl\/wp-content\/uploads\/2022\/10\/096_TNowicki_Inauguracja_UG-2022_1600px-100x100.jpeg 100w, https:\/\/wydawnictwo.ug.edu.pl\/wp-content\/uploads\/2022\/10\/096_TNowicki_Inauguracja_UG-2022_1600px-85x85.jpeg 85w, https:\/\/wydawnictwo.ug.edu.pl\/wp-content\/uploads\/2022\/10\/096_TNowicki_Inauguracja_UG-2022_1600px-32x32.jpeg 32w\" sizes=\"(max-width: 150px) 100vw, 150px\" \/><\/a>\n\t\t\t<\/div><\/figure><figure class='gallery-item'>\n\t\t\t<div class='gallery-icon landscape'>\n\t\t\t\t<a href='https:\/\/wydawnictwo.ug.edu.pl\/wp-content\/uploads\/2022\/10\/104_TNowicki_Inauguracja_UG-2022_1600px.jpeg'><img loading=\"lazy\" decoding=\"async\" width=\"150\" height=\"150\" src=\"https:\/\/wydawnictwo.ug.edu.pl\/wp-content\/uploads\/2022\/10\/104_TNowicki_Inauguracja_UG-2022_1600px-150x150.jpeg\" class=\"attachment-thumbnail size-thumbnail\" alt=\"\" srcset=\"https:\/\/wydawnictwo.ug.edu.pl\/wp-content\/uploads\/2022\/10\/104_TNowicki_Inauguracja_UG-2022_1600px-150x150.jpeg 150w, https:\/\/wydawnictwo.ug.edu.pl\/wp-content\/uploads\/2022\/10\/104_TNowicki_Inauguracja_UG-2022_1600px-600x600.jpeg 600w, https:\/\/wydawnictwo.ug.edu.pl\/wp-content\/uploads\/2022\/10\/104_TNowicki_Inauguracja_UG-2022_1600px-100x100.jpeg 100w, https:\/\/wydawnictwo.ug.edu.pl\/wp-content\/uploads\/2022\/10\/104_TNowicki_Inauguracja_UG-2022_1600px-85x85.jpeg 85w, https:\/\/wydawnictwo.ug.edu.pl\/wp-content\/uploads\/2022\/10\/104_TNowicki_Inauguracja_UG-2022_1600px-32x32.jpeg 32w\" sizes=\"(max-width: 150px) 100vw, 150px\" \/><\/a>\n\t\t\t<\/div><\/figure><figure class='gallery-item'>\n\t\t\t<div class='gallery-icon landscape'>\n\t\t\t\t<a href='https:\/\/wydawnictwo.ug.edu.pl\/wp-content\/uploads\/2022\/10\/148_TNowicki_Inauguracja_UG-2022_1600px.jpeg'><img loading=\"lazy\" decoding=\"async\" width=\"150\" height=\"150\" src=\"https:\/\/wydawnictwo.ug.edu.pl\/wp-content\/uploads\/2022\/10\/148_TNowicki_Inauguracja_UG-2022_1600px-150x150.jpeg\" class=\"attachment-thumbnail size-thumbnail\" alt=\"\" srcset=\"https:\/\/wydawnictwo.ug.edu.pl\/wp-content\/uploads\/2022\/10\/148_TNowicki_Inauguracja_UG-2022_1600px-150x150.jpeg 150w, https:\/\/wydawnictwo.ug.edu.pl\/wp-content\/uploads\/2022\/10\/148_TNowicki_Inauguracja_UG-2022_1600px-600x600.jpeg 600w, https:\/\/wydawnictwo.ug.edu.pl\/wp-content\/uploads\/2022\/10\/148_TNowicki_Inauguracja_UG-2022_1600px-100x100.jpeg 100w, https:\/\/wydawnictwo.ug.edu.pl\/wp-content\/uploads\/2022\/10\/148_TNowicki_Inauguracja_UG-2022_1600px-85x85.jpeg 85w, https:\/\/wydawnictwo.ug.edu.pl\/wp-content\/uploads\/2022\/10\/148_TNowicki_Inauguracja_UG-2022_1600px-32x32.jpeg 32w\" sizes=\"(max-width: 150px) 100vw, 150px\" \/><\/a>\n\t\t\t<\/div><\/figure><figure class='gallery-item'>\n\t\t\t<div class='gallery-icon landscape'>\n\t\t\t\t<a href='https:\/\/wydawnictwo.ug.edu.pl\/wp-content\/uploads\/2022\/10\/182_TNowicki_Inauguracja_UG-2022_1600px.jpeg'><img loading=\"lazy\" decoding=\"async\" width=\"150\" height=\"150\" src=\"https:\/\/wydawnictwo.ug.edu.pl\/wp-content\/uploads\/2022\/10\/182_TNowicki_Inauguracja_UG-2022_1600px-150x150.jpeg\" class=\"attachment-thumbnail size-thumbnail\" alt=\"\" srcset=\"https:\/\/wydawnictwo.ug.edu.pl\/wp-content\/uploads\/2022\/10\/182_TNowicki_Inauguracja_UG-2022_1600px-150x150.jpeg 150w, https:\/\/wydawnictwo.ug.edu.pl\/wp-content\/uploads\/2022\/10\/182_TNowicki_Inauguracja_UG-2022_1600px-600x600.jpeg 600w, https:\/\/wydawnictwo.ug.edu.pl\/wp-content\/uploads\/2022\/10\/182_TNowicki_Inauguracja_UG-2022_1600px-100x100.jpeg 100w, https:\/\/wydawnictwo.ug.edu.pl\/wp-content\/uploads\/2022\/10\/182_TNowicki_Inauguracja_UG-2022_1600px-85x85.jpeg 85w, https:\/\/wydawnictwo.ug.edu.pl\/wp-content\/uploads\/2022\/10\/182_TNowicki_Inauguracja_UG-2022_1600px-32x32.jpeg 32w\" sizes=\"(max-width: 150px) 100vw, 150px\" \/><\/a>\n\t\t\t<\/div><\/figure><figure class='gallery-item'>\n\t\t\t<div class='gallery-icon landscape'>\n\t\t\t\t<a href='https:\/\/wydawnictwo.ug.edu.pl\/wp-content\/uploads\/2022\/10\/202_TNowicki_Inauguracja_UG-2022_1600px.jpeg'><img loading=\"lazy\" decoding=\"async\" width=\"150\" height=\"150\" src=\"https:\/\/wydawnictwo.ug.edu.pl\/wp-content\/uploads\/2022\/10\/202_TNowicki_Inauguracja_UG-2022_1600px-150x150.jpeg\" class=\"attachment-thumbnail size-thumbnail\" alt=\"\" srcset=\"https:\/\/wydawnictwo.ug.edu.pl\/wp-content\/uploads\/2022\/10\/202_TNowicki_Inauguracja_UG-2022_1600px-150x150.jpeg 150w, https:\/\/wydawnictwo.ug.edu.pl\/wp-content\/uploads\/2022\/10\/202_TNowicki_Inauguracja_UG-2022_1600px-600x600.jpeg 600w, https:\/\/wydawnictwo.ug.edu.pl\/wp-content\/uploads\/2022\/10\/202_TNowicki_Inauguracja_UG-2022_1600px-100x100.jpeg 100w, https:\/\/wydawnictwo.ug.edu.pl\/wp-content\/uploads\/2022\/10\/202_TNowicki_Inauguracja_UG-2022_1600px-85x85.jpeg 85w, https:\/\/wydawnictwo.ug.edu.pl\/wp-content\/uploads\/2022\/10\/202_TNowicki_Inauguracja_UG-2022_1600px-32x32.jpeg 32w\" sizes=\"(max-width: 150px) 100vw, 150px\" \/><\/a>\n\t\t\t<\/div><\/figure><figure class='gallery-item'>\n\t\t\t<div class='gallery-icon landscape'>\n\t\t\t\t<a href='https:\/\/wydawnictwo.ug.edu.pl\/wp-content\/uploads\/2022\/10\/207_TNowicki_Inauguracja_UG-2022_1600px.jpeg'><img loading=\"lazy\" decoding=\"async\" width=\"150\" height=\"150\" src=\"https:\/\/wydawnictwo.ug.edu.pl\/wp-content\/uploads\/2022\/10\/207_TNowicki_Inauguracja_UG-2022_1600px-150x150.jpeg\" class=\"attachment-thumbnail size-thumbnail\" alt=\"\" aria-describedby=\"gallery-1-21646\" srcset=\"https:\/\/wydawnictwo.ug.edu.pl\/wp-content\/uploads\/2022\/10\/207_TNowicki_Inauguracja_UG-2022_1600px-150x150.jpeg 150w, https:\/\/wydawnictwo.ug.edu.pl\/wp-content\/uploads\/2022\/10\/207_TNowicki_Inauguracja_UG-2022_1600px-600x600.jpeg 600w, https:\/\/wydawnictwo.ug.edu.pl\/wp-content\/uploads\/2022\/10\/207_TNowicki_Inauguracja_UG-2022_1600px-100x100.jpeg 100w, https:\/\/wydawnictwo.ug.edu.pl\/wp-content\/uploads\/2022\/10\/207_TNowicki_Inauguracja_UG-2022_1600px-85x85.jpeg 85w, https:\/\/wydawnictwo.ug.edu.pl\/wp-content\/uploads\/2022\/10\/207_TNowicki_Inauguracja_UG-2022_1600px-32x32.jpeg 32w\" sizes=\"(max-width: 150px) 100vw, 150px\" \/><\/a>\n\t\t\t<\/div>\n\t\t\t\t<figcaption class='wp-caption-text gallery-caption' id='gallery-1-21646'>\n\t\t\t\tWernisa\u017c wystawy \u201eSEA EU BY THE Sea. Nadmorskie uniwersytety w malarstwie Anety Oniszczuk-Jastrz\u0105bek\u201d\n\t\t\t\t<\/figcaption><\/figure><figure class='gallery-item'>\n\t\t\t<div class='gallery-icon landscape'>\n\t\t\t\t<a href='https:\/\/wydawnictwo.ug.edu.pl\/wp-content\/uploads\/2022\/10\/211_TNowicki_Inauguracja_UG-2022_1600px.jpeg'><img loading=\"lazy\" decoding=\"async\" width=\"150\" height=\"150\" src=\"https:\/\/wydawnictwo.ug.edu.pl\/wp-content\/uploads\/2022\/10\/211_TNowicki_Inauguracja_UG-2022_1600px-150x150.jpeg\" class=\"attachment-thumbnail size-thumbnail\" alt=\"\" srcset=\"https:\/\/wydawnictwo.ug.edu.pl\/wp-content\/uploads\/2022\/10\/211_TNowicki_Inauguracja_UG-2022_1600px-150x150.jpeg 150w, https:\/\/wydawnictwo.ug.edu.pl\/wp-content\/uploads\/2022\/10\/211_TNowicki_Inauguracja_UG-2022_1600px-600x600.jpeg 600w, https:\/\/wydawnictwo.ug.edu.pl\/wp-content\/uploads\/2022\/10\/211_TNowicki_Inauguracja_UG-2022_1600px-100x100.jpeg 100w, https:\/\/wydawnictwo.ug.edu.pl\/wp-content\/uploads\/2022\/10\/211_TNowicki_Inauguracja_UG-2022_1600px-85x85.jpeg 85w, https:\/\/wydawnictwo.ug.edu.pl\/wp-content\/uploads\/2022\/10\/211_TNowicki_Inauguracja_UG-2022_1600px-32x32.jpeg 32w\" sizes=\"(max-width: 150px) 100vw, 150px\" \/><\/a>\n\t\t\t<\/div><\/figure><figure class='gallery-item'>\n\t\t\t<div class='gallery-icon landscape'>\n\t\t\t\t<a href='https:\/\/wydawnictwo.ug.edu.pl\/wp-content\/uploads\/2022\/10\/213_TNowicki_Inauguracja_UG-2022_1600px.jpeg'><img loading=\"lazy\" decoding=\"async\" width=\"150\" height=\"150\" src=\"https:\/\/wydawnictwo.ug.edu.pl\/wp-content\/uploads\/2022\/10\/213_TNowicki_Inauguracja_UG-2022_1600px-150x150.jpeg\" class=\"attachment-thumbnail size-thumbnail\" alt=\"\" srcset=\"https:\/\/wydawnictwo.ug.edu.pl\/wp-content\/uploads\/2022\/10\/213_TNowicki_Inauguracja_UG-2022_1600px-150x150.jpeg 150w, https:\/\/wydawnictwo.ug.edu.pl\/wp-content\/uploads\/2022\/10\/213_TNowicki_Inauguracja_UG-2022_1600px-600x600.jpeg 600w, https:\/\/wydawnictwo.ug.edu.pl\/wp-content\/uploads\/2022\/10\/213_TNowicki_Inauguracja_UG-2022_1600px-100x100.jpeg 100w, https:\/\/wydawnictwo.ug.edu.pl\/wp-content\/uploads\/2022\/10\/213_TNowicki_Inauguracja_UG-2022_1600px-85x85.jpeg 85w, https:\/\/wydawnictwo.ug.edu.pl\/wp-content\/uploads\/2022\/10\/213_TNowicki_Inauguracja_UG-2022_1600px-32x32.jpeg 32w\" sizes=\"(max-width: 150px) 100vw, 150px\" \/><\/a>\n\t\t\t<\/div><\/figure><figure class='gallery-item'>\n\t\t\t<div class='gallery-icon landscape'>\n\t\t\t\t<a href='https:\/\/wydawnictwo.ug.edu.pl\/wp-content\/uploads\/2022\/10\/217_TNowicki_Inauguracja_UG-2022_1600px.jpeg'><img loading=\"lazy\" decoding=\"async\" width=\"150\" height=\"150\" src=\"https:\/\/wydawnictwo.ug.edu.pl\/wp-content\/uploads\/2022\/10\/217_TNowicki_Inauguracja_UG-2022_1600px-150x150.jpeg\" class=\"attachment-thumbnail size-thumbnail\" alt=\"\" aria-describedby=\"gallery-1-21652\" srcset=\"https:\/\/wydawnictwo.ug.edu.pl\/wp-content\/uploads\/2022\/10\/217_TNowicki_Inauguracja_UG-2022_1600px-150x150.jpeg 150w, https:\/\/wydawnictwo.ug.edu.pl\/wp-content\/uploads\/2022\/10\/217_TNowicki_Inauguracja_UG-2022_1600px-600x600.jpeg 600w, https:\/\/wydawnictwo.ug.edu.pl\/wp-content\/uploads\/2022\/10\/217_TNowicki_Inauguracja_UG-2022_1600px-100x100.jpeg 100w, https:\/\/wydawnictwo.ug.edu.pl\/wp-content\/uploads\/2022\/10\/217_TNowicki_Inauguracja_UG-2022_1600px-85x85.jpeg 85w, https:\/\/wydawnictwo.ug.edu.pl\/wp-content\/uploads\/2022\/10\/217_TNowicki_Inauguracja_UG-2022_1600px-32x32.jpeg 32w\" sizes=\"(max-width: 150px) 100vw, 150px\" \/><\/a>\n\t\t\t<\/div>\n\t\t\t\t<figcaption class='wp-caption-text gallery-caption' id='gallery-1-21652'>\n\t\t\t\tAneta Oniszczuk-Jastrz\u0105bek, Joanna Kamie\u0144, Marta Szaszkiewicz, Piotr Stepnowski; wernisa\u017c wystawy \u201eSEA EU BY THE Sea. Nadmorskie uniwersytety w malarstwie Anety Oniszczuk-Jastrz\u0105bek\u201d\n\t\t\t\t<\/figcaption><\/figure><figure class='gallery-item'>\n\t\t\t<div class='gallery-icon landscape'>\n\t\t\t\t<a href='https:\/\/wydawnictwo.ug.edu.pl\/wp-content\/uploads\/2022\/10\/300_TNowicki_Inauguracja_UG-2022_1600px.jpeg'><img loading=\"lazy\" decoding=\"async\" width=\"150\" height=\"150\" src=\"https:\/\/wydawnictwo.ug.edu.pl\/wp-content\/uploads\/2022\/10\/300_TNowicki_Inauguracja_UG-2022_1600px-150x150.jpeg\" class=\"attachment-thumbnail size-thumbnail\" alt=\"\" srcset=\"https:\/\/wydawnictwo.ug.edu.pl\/wp-content\/uploads\/2022\/10\/300_TNowicki_Inauguracja_UG-2022_1600px-150x150.jpeg 150w, https:\/\/wydawnictwo.ug.edu.pl\/wp-content\/uploads\/2022\/10\/300_TNowicki_Inauguracja_UG-2022_1600px-600x600.jpeg 600w, https:\/\/wydawnictwo.ug.edu.pl\/wp-content\/uploads\/2022\/10\/300_TNowicki_Inauguracja_UG-2022_1600px-100x100.jpeg 100w, https:\/\/wydawnictwo.ug.edu.pl\/wp-content\/uploads\/2022\/10\/300_TNowicki_Inauguracja_UG-2022_1600px-85x85.jpeg 85w, https:\/\/wydawnictwo.ug.edu.pl\/wp-content\/uploads\/2022\/10\/300_TNowicki_Inauguracja_UG-2022_1600px-32x32.jpeg 32w\" sizes=\"(max-width: 150px) 100vw, 150px\" \/><\/a>\n\t\t\t<\/div><\/figure><figure class='gallery-item'>\n\t\t\t<div class='gallery-icon landscape'>\n\t\t\t\t<a href='https:\/\/wydawnictwo.ug.edu.pl\/wp-content\/uploads\/2022\/10\/247_TNowicki_Inauguracja_UG-2022_1600px.jpeg'><img loading=\"lazy\" decoding=\"async\" width=\"150\" height=\"150\" src=\"https:\/\/wydawnictwo.ug.edu.pl\/wp-content\/uploads\/2022\/10\/247_TNowicki_Inauguracja_UG-2022_1600px-150x150.jpeg\" class=\"attachment-thumbnail size-thumbnail\" alt=\"\" srcset=\"https:\/\/wydawnictwo.ug.edu.pl\/wp-content\/uploads\/2022\/10\/247_TNowicki_Inauguracja_UG-2022_1600px-150x150.jpeg 150w, https:\/\/wydawnictwo.ug.edu.pl\/wp-content\/uploads\/2022\/10\/247_TNowicki_Inauguracja_UG-2022_1600px-600x600.jpeg 600w, https:\/\/wydawnictwo.ug.edu.pl\/wp-content\/uploads\/2022\/10\/247_TNowicki_Inauguracja_UG-2022_1600px-100x100.jpeg 100w, https:\/\/wydawnictwo.ug.edu.pl\/wp-content\/uploads\/2022\/10\/247_TNowicki_Inauguracja_UG-2022_1600px-85x85.jpeg 85w, https:\/\/wydawnictwo.ug.edu.pl\/wp-content\/uploads\/2022\/10\/247_TNowicki_Inauguracja_UG-2022_1600px-32x32.jpeg 32w\" sizes=\"(max-width: 150px) 100vw, 150px\" \/><\/a>\n\t\t\t<\/div><\/figure>\n\t\t<\/div>\n\n","protected":false},"excerpt":{"rendered":"<p>3 pa\u017adziernika 2022 roku w czytelni Biblioteki Uniwersytetu Gda\u0144skiego odby\u0142a si\u0119 inauguracja roku akademickiego 2022\/2023. Rektor uczelni, prof. dr hab. Piotr Stepnowski w otwieraj\u0105cym uroczysto\u015b\u0107 przem\u00f3wieniu odwo\u0142a\u0142 si\u0119 do morskiej tradycji uniwersytetu, przekonuj\u0105c, \u017ce nauk\u0119 i morze \u0142\u0105czy wiele, obie s\u0105 \u201etajemnicze i poci\u0105gaj\u0105ce\u201d i wci\u0105\u017c czekaj\u0105 na odkrycie. Wa\u017cnym punktem inauguracji by\u0142o przedstawienie idei [&hellip;]<\/p>\n","protected":false},"author":1718,"featured_media":21601,"comment_status":"closed","ping_status":"closed","sticky":false,"template":"","format":"standard","meta":{"_acf_changed":false,"footnotes":""},"categories":[1,6793],"tags":[],"class_list":["post-21596","post","type-post","status-publish","format-standard","has-post-thumbnail","hentry","category-aktualnosci","category-galerie"],"acf":[],"_links":{"self":[{"href":"https:\/\/wydawnictwo.ug.edu.pl\/en\/wp-json\/wp\/v2\/posts\/21596","targetHints":{"allow":["GET"]}}],"collection":[{"href":"https:\/\/wydawnictwo.ug.edu.pl\/en\/wp-json\/wp\/v2\/posts"}],"about":[{"href":"https:\/\/wydawnictwo.ug.edu.pl\/en\/wp-json\/wp\/v2\/types\/post"}],"author":[{"embeddable":true,"href":"https:\/\/wydawnictwo.ug.edu.pl\/en\/wp-json\/wp\/v2\/users\/1718"}],"replies":[{"embeddable":true,"href":"https:\/\/wydawnictwo.ug.edu.pl\/en\/wp-json\/wp\/v2\/comments?post=21596"}],"version-history":[{"count":0,"href":"https:\/\/wydawnictwo.ug.edu.pl\/en\/wp-json\/wp\/v2\/posts\/21596\/revisions"}],"wp:featuredmedia":[{"embeddable":true,"href":"https:\/\/wydawnictwo.ug.edu.pl\/en\/wp-json\/wp\/v2\/media\/21601"}],"wp:attachment":[{"href":"https:\/\/wydawnictwo.ug.edu.pl\/en\/wp-json\/wp\/v2\/media?parent=21596"}],"wp:term":[{"taxonomy":"category","embeddable":true,"href":"https:\/\/wydawnictwo.ug.edu.pl\/en\/wp-json\/wp\/v2\/categories?post=21596"},{"taxonomy":"post_tag","embeddable":true,"href":"https:\/\/wydawnictwo.ug.edu.pl\/en\/wp-json\/wp\/v2\/tags?post=21596"}],"curies":[{"name":"wp","href":"https:\/\/api.w.org\/{rel}","templated":true}]}}