{"id":20944,"date":"2022-08-17T06:42:09","date_gmt":"2022-08-17T06:42:09","guid":{"rendered":"https:\/\/wydawnictwo.ug.edu.pl\/?p=20944"},"modified":"2025-05-21T08:56:01","modified_gmt":"2025-05-21T08:56:01","slug":"ksiazka-kinematograf-o-sobie-nominowana-do-14-nagrod-pisf","status":"publish","type":"post","link":"https:\/\/wydawnictwo.ug.edu.pl\/en\/ksiazka-kinematograf-o-sobie-nominowana-do-14-nagrod-pisf\/","title":{"rendered":"Ksi\u0105\u017cka \u201eKinematograf o sobie&#8230;\u201d nominowana do 14. Nagr\u00f3d PISF"},"content":{"rendered":"<p>B\u0119d\u0105ca rezultatem pracy doktorskiej ksi\u0105\u017cka dr. Paw\u0142a Bili\u0144skiego <em><a href=\"https:\/\/wydawnictwo.ug.edu.pl\/produkt\/kinematograf-o-sobie-autotematyzm-w-polskim-filmie-fabularnym\/\">Kinematograf o sobie. Autotematyzm w polskim filmie fabularnym<\/a>\u00a0<\/em>zosta\u0142a nominowana do 14. Nagr\u00f3d Polskiego Instytutu Sztuki Filmowej.<\/p>\n<p>Po\u015bwi\u0119cona tropom autotematycznym w polskim kinie fabularnym publikacja powalczy o tytu\u0142 w kategorii Ksi\u0105\u017cka o tematyce filmowej z wydawnictwami: <a href=\"https:\/\/wielkalitera.pl\/sklep\/biografie\/kieslowski-od-bez-konca-do-konca-ksiazka\/\"><em>KIE\u015aLOWSKI. Od Bez ko\u0144ca do ko\u0144ca<\/em><\/a> autorstwa Krzysztofa Piesiewicza i Miko\u0142aja Jazdona, <a href=\"https:\/\/www.universitas.com.pl\/produkt\/4164\/Przerwane-emancypacje-Polityka-ekscesu-w-kinie-polskim-lat-1968-1982,Sebastian+Jagielski\"><em>Przerwane emancypacje. Polityka ekscesu w kinie polskim lat 1968-1982<\/em><\/a> autorstwa Sebastiana Jagielskiego.<\/p>\n<p>Nagrody PISF przyznawane s\u0105 w kategoriach: Animacja kultury filmowej, Innowacja lub rozwi\u0105zanie technologiczne, Krytyka filmowa, Ksi\u0105\u017cka o tematyce filmowej, Dystrybucja polskiego filmu, Debiut roku i Plakat filmowy. Laureat\u00f3w konkursu w ka\u017cdej z powy\u017cszych kategorii wy\u0142oni Kapitu\u0142a, a wyniki zostan\u0105 og\u0142oszone 14 wrze\u015bnia podczas <a href=\"https:\/\/festiwalgdynia.pl\/\">47. Festiwalu Polskich Film\u00f3w Fabularnych w Gdyni<\/a>.<\/p>\n<p>\u017byczymy powodzenia!<\/p>\n<h4><\/h4>\n","protected":false},"excerpt":{"rendered":"<p>B\u0119d\u0105ca rezultatem pracy doktorskiej ksi\u0105\u017cka dr. Paw\u0142a Bili\u0144skiego Kinematograf o sobie. Autotematyzm w polskim filmie fabularnym\u00a0zosta\u0142a nominowana do 14. Nagr\u00f3d Polskiego Instytutu Sztuki Filmowej. Po\u015bwi\u0119cona tropom autotematycznym w polskim kinie fabularnym publikacja powalczy o tytu\u0142 w kategorii Ksi\u0105\u017cka o tematyce filmowej z wydawnictwami: KIE\u015aLOWSKI. Od Bez ko\u0144ca do ko\u0144ca autorstwa Krzysztofa Piesiewicza i Miko\u0142aja Jazdona, [&hellip;]<\/p>\n","protected":false},"author":1718,"featured_media":12141,"comment_status":"closed","ping_status":"closed","sticky":false,"template":"","format":"standard","meta":{"_acf_changed":false,"footnotes":""},"categories":[653],"tags":[6782],"class_list":["post-20944","post","type-post","status-publish","format-standard","has-post-thumbnail","hentry","category-nagrody-i-nominacje","tag-nominacja"],"acf":[],"_links":{"self":[{"href":"https:\/\/wydawnictwo.ug.edu.pl\/en\/wp-json\/wp\/v2\/posts\/20944","targetHints":{"allow":["GET"]}}],"collection":[{"href":"https:\/\/wydawnictwo.ug.edu.pl\/en\/wp-json\/wp\/v2\/posts"}],"about":[{"href":"https:\/\/wydawnictwo.ug.edu.pl\/en\/wp-json\/wp\/v2\/types\/post"}],"author":[{"embeddable":true,"href":"https:\/\/wydawnictwo.ug.edu.pl\/en\/wp-json\/wp\/v2\/users\/1718"}],"replies":[{"embeddable":true,"href":"https:\/\/wydawnictwo.ug.edu.pl\/en\/wp-json\/wp\/v2\/comments?post=20944"}],"version-history":[{"count":0,"href":"https:\/\/wydawnictwo.ug.edu.pl\/en\/wp-json\/wp\/v2\/posts\/20944\/revisions"}],"wp:featuredmedia":[{"embeddable":true,"href":"https:\/\/wydawnictwo.ug.edu.pl\/en\/wp-json\/wp\/v2\/media\/12141"}],"wp:attachment":[{"href":"https:\/\/wydawnictwo.ug.edu.pl\/en\/wp-json\/wp\/v2\/media?parent=20944"}],"wp:term":[{"taxonomy":"category","embeddable":true,"href":"https:\/\/wydawnictwo.ug.edu.pl\/en\/wp-json\/wp\/v2\/categories?post=20944"},{"taxonomy":"post_tag","embeddable":true,"href":"https:\/\/wydawnictwo.ug.edu.pl\/en\/wp-json\/wp\/v2\/tags?post=20944"}],"curies":[{"name":"wp","href":"https:\/\/api.w.org\/{rel}","templated":true}]}}