{"id":19863,"date":"2022-06-23T09:31:36","date_gmt":"2022-06-23T09:31:36","guid":{"rendered":"https:\/\/wydawnictwo.ug.edu.pl\/?p=19863"},"modified":"2025-07-29T07:37:55","modified_gmt":"2025-07-29T07:37:55","slug":"wszystkie-polskie-strachy-rozmowa-ze-stefanem-chwinem-w-tok-fm","status":"publish","type":"post","link":"https:\/\/wydawnictwo.ug.edu.pl\/en\/wszystkie-polskie-strachy-rozmowa-ze-stefanem-chwinem-w-tok-fm\/","title":{"rendered":"Wszystkie polskie strachy: rozmowa ze Stefanem Chwinem w TOK FM"},"content":{"rendered":"<p>Zach\u0119camy do wys\u0142uchania audycji OFF Czarek w radio TOK FM. Cezary \u0141asiczka rozmawia\u0142 z prof. Stefanem Chwinem, autorem wydanej przez Wydawnictwo Uniwersytetu Gda\u0144skiego oraz <a href=\"https:\/\/www.wbpg.org.pl\/\">Wojew\u00f3dzk\u0105 i Miejsk\u0105 Bibliotek\u0119 Publiczn\u0105 w Gda\u0144sku<\/a> ksi\u0105\u017ck\u0119 <a href=\"https:\/\/wydawnictwo.ug.edu.pl\/produkt\/wolnosc-pisana-po-jalcie\/\"><em>Wolno\u015b\u0107 pisana po Ja\u0142cie<\/em><\/a>. Audycji mo\u017cna pos\u0142ucha\u0107 <a href=\"https:\/\/audycje.tokfm.pl\/podcast\/124381,Wszystkie-polskie-strachy-Wolnosc-pisana-po-Jalcie-nowa-ksiazka-Stefana-Chwina\">tutaj<\/a>.<\/p>\n","protected":false},"excerpt":{"rendered":"<p>Zach\u0119camy do wys\u0142uchania audycji OFF Czarek w radio TOK FM. Cezary \u0141asiczka rozmawia\u0142 z prof. Stefanem Chwinem, autorem wydanej przez Wydawnictwo Uniwersytetu Gda\u0144skiego oraz Wojew\u00f3dzk\u0105 i Miejsk\u0105 Bibliotek\u0119 Publiczn\u0105 w Gda\u0144sku ksi\u0105\u017ck\u0119 Wolno\u015b\u0107 pisana po Ja\u0142cie. Audycji mo\u017cna pos\u0142ucha\u0107 tutaj.<\/p>\n","protected":false},"author":1718,"featured_media":42599,"comment_status":"closed","ping_status":"closed","sticky":false,"template":"","format":"standard","meta":{"_acf_changed":false,"footnotes":""},"categories":[6779],"tags":[6785],"class_list":["post-19863","post","type-post","status-publish","format-standard","has-post-thumbnail","hentry","category-w-prawie-i-mediach","tag-rozmowa"],"acf":[],"_links":{"self":[{"href":"https:\/\/wydawnictwo.ug.edu.pl\/en\/wp-json\/wp\/v2\/posts\/19863","targetHints":{"allow":["GET"]}}],"collection":[{"href":"https:\/\/wydawnictwo.ug.edu.pl\/en\/wp-json\/wp\/v2\/posts"}],"about":[{"href":"https:\/\/wydawnictwo.ug.edu.pl\/en\/wp-json\/wp\/v2\/types\/post"}],"author":[{"embeddable":true,"href":"https:\/\/wydawnictwo.ug.edu.pl\/en\/wp-json\/wp\/v2\/users\/1718"}],"replies":[{"embeddable":true,"href":"https:\/\/wydawnictwo.ug.edu.pl\/en\/wp-json\/wp\/v2\/comments?post=19863"}],"version-history":[{"count":0,"href":"https:\/\/wydawnictwo.ug.edu.pl\/en\/wp-json\/wp\/v2\/posts\/19863\/revisions"}],"wp:featuredmedia":[{"embeddable":true,"href":"https:\/\/wydawnictwo.ug.edu.pl\/en\/wp-json\/wp\/v2\/media\/42599"}],"wp:attachment":[{"href":"https:\/\/wydawnictwo.ug.edu.pl\/en\/wp-json\/wp\/v2\/media?parent=19863"}],"wp:term":[{"taxonomy":"category","embeddable":true,"href":"https:\/\/wydawnictwo.ug.edu.pl\/en\/wp-json\/wp\/v2\/categories?post=19863"},{"taxonomy":"post_tag","embeddable":true,"href":"https:\/\/wydawnictwo.ug.edu.pl\/en\/wp-json\/wp\/v2\/tags?post=19863"}],"curies":[{"name":"wp","href":"https:\/\/api.w.org\/{rel}","templated":true}]}}