{"id":19860,"date":"2022-06-23T09:25:37","date_gmt":"2022-06-23T09:25:37","guid":{"rendered":"https:\/\/wydawnictwo.ug.edu.pl\/?p=19860"},"modified":"2025-05-21T09:30:01","modified_gmt":"2025-05-21T09:30:01","slug":"recenzja-wolnosci-pisanej-po-jalcie-stefana-chwina-w-newsweeku","status":"publish","type":"post","link":"https:\/\/wydawnictwo.ug.edu.pl\/en\/recenzja-wolnosci-pisanej-po-jalcie-stefana-chwina-w-newsweeku\/","title":{"rendered":"Recenzja \u201eWolno\u015bci pisanej po Ja\u0142cie\u201d Stefana Chwina w Newsweeku"},"content":{"rendered":"<p>W majowym numerze Newsweeka (20.05.2022 r.) zosta\u0142a opublikowana recenzja wydanej przez Wydawnictwo Uniwersytetu Gda\u0144skiego oraz <a href=\"https:\/\/www.wbpg.org.pl\/\">Wojew\u00f3dzk\u0105 i Miejsk\u0105 Bibliotek\u0119 Publiczn\u0105 w Gda\u0144sku<\/a> ksi\u0105\u017cki <em>Wolno\u015b\u0107 pisana po Ja\u0142cie<\/em> Stefana Chwina. Autor recenzji, Krzysztof Varga napisa\u0142: \u201eOczywi\u015bcie tekst\u00f3w demitologizuj\u0105cych narodow\u0105 megalomani\u0119 mieli\u015bmy multum, ale Chwin idzie dalej: poddaje totalnej dekonstrukcji nie tylko mity prawicowe, ale te\u017c lewicowe, nie tylko bogoojczy\u017aniane, ale i liberalno-post\u0119powe. Nie u\u017cywa hase\u0142, slogan\u00f3w i publicystycznych uproszcze\u0144, ale funduje nam powa\u017cn\u0105 lekcj\u0119 do odrobienia, nie pisz\u0105c &gt;&gt;dla swoich&lt;&lt;, by ci mogli utwierdzi\u0107 si\u0119 w jedynie s\u0142usznych przekonaniach\u201d.<\/p>\n<p>Po wi\u0119cej zapraszamy na stron\u0119 <a href=\"https:\/\/www.newsweek.pl\/kultura\/recenzja-stefan-chwin-wolnosc-pisana-po-jalcie-czyli-polskie-strachy-narodowe\/34p6n2f\">Newsweeka<\/a>.<\/p>\n","protected":false},"excerpt":{"rendered":"<p>W majowym numerze Newsweeka (20.05.2022 r.) zosta\u0142a opublikowana recenzja wydanej przez Wydawnictwo Uniwersytetu Gda\u0144skiego oraz Wojew\u00f3dzk\u0105 i Miejsk\u0105 Bibliotek\u0119 Publiczn\u0105 w Gda\u0144sku ksi\u0105\u017cki Wolno\u015b\u0107 pisana po Ja\u0142cie Stefana Chwina. Autor recenzji, Krzysztof Varga napisa\u0142: \u201eOczywi\u015bcie tekst\u00f3w demitologizuj\u0105cych narodow\u0105 megalomani\u0119 mieli\u015bmy multum, ale Chwin idzie dalej: poddaje totalnej dekonstrukcji nie tylko mity prawicowe, ale te\u017c lewicowe, [&hellip;]<\/p>\n","protected":false},"author":1718,"featured_media":18978,"comment_status":"closed","ping_status":"closed","sticky":false,"template":"","format":"standard","meta":{"_acf_changed":false,"footnotes":""},"categories":[6779],"tags":[2556],"class_list":["post-19860","post","type-post","status-publish","format-standard","has-post-thumbnail","hentry","category-w-prawie-i-mediach","tag-recenzja"],"acf":[],"_links":{"self":[{"href":"https:\/\/wydawnictwo.ug.edu.pl\/en\/wp-json\/wp\/v2\/posts\/19860","targetHints":{"allow":["GET"]}}],"collection":[{"href":"https:\/\/wydawnictwo.ug.edu.pl\/en\/wp-json\/wp\/v2\/posts"}],"about":[{"href":"https:\/\/wydawnictwo.ug.edu.pl\/en\/wp-json\/wp\/v2\/types\/post"}],"author":[{"embeddable":true,"href":"https:\/\/wydawnictwo.ug.edu.pl\/en\/wp-json\/wp\/v2\/users\/1718"}],"replies":[{"embeddable":true,"href":"https:\/\/wydawnictwo.ug.edu.pl\/en\/wp-json\/wp\/v2\/comments?post=19860"}],"version-history":[{"count":0,"href":"https:\/\/wydawnictwo.ug.edu.pl\/en\/wp-json\/wp\/v2\/posts\/19860\/revisions"}],"wp:featuredmedia":[{"embeddable":true,"href":"https:\/\/wydawnictwo.ug.edu.pl\/en\/wp-json\/wp\/v2\/media\/18978"}],"wp:attachment":[{"href":"https:\/\/wydawnictwo.ug.edu.pl\/en\/wp-json\/wp\/v2\/media?parent=19860"}],"wp:term":[{"taxonomy":"category","embeddable":true,"href":"https:\/\/wydawnictwo.ug.edu.pl\/en\/wp-json\/wp\/v2\/categories?post=19860"},{"taxonomy":"post_tag","embeddable":true,"href":"https:\/\/wydawnictwo.ug.edu.pl\/en\/wp-json\/wp\/v2\/tags?post=19860"}],"curies":[{"name":"wp","href":"https:\/\/api.w.org\/{rel}","templated":true}]}}