{"id":19846,"date":"2022-06-23T09:07:55","date_gmt":"2022-06-23T09:07:55","guid":{"rendered":"https:\/\/wydawnictwo.ug.edu.pl\/?p=19846"},"modified":"2025-05-21T10:06:21","modified_gmt":"2025-05-21T10:06:21","slug":"ksiazka-kamila-zeidlera-aesthetics-of-law-w-newsletterze-italian-society-for-law-and-literature","status":"publish","type":"post","link":"https:\/\/wydawnictwo.ug.edu.pl\/en\/ksiazka-kamila-zeidlera-aesthetics-of-law-w-newsletterze-italian-society-for-law-and-literature\/","title":{"rendered":"Ksi\u0105\u017cka \u201eAesthetics of Law\u201d w newsletterze Italian Society for Law and Literature"},"content":{"rendered":"<p><a href=\"https:\/\/www.facebook.com\/islawandliterature\/\">Italian Society for Law and Literature<\/a> umie\u015bci\u0142 wydan\u0105 przez Wydawnictwo Uniwersytetu Gda\u0144skiego i <a href=\"https:\/\/www.wolterskluwer.com\/pl-pl\">Wolters Kluwer<\/a> ksi\u0105\u017ck\u0119 Kamila Zeidlera <a href=\"https:\/\/wydawnictwo.ug.edu.pl\/produkt\/aesthetics-of-law\/\"><i>Aesthetics of Law <\/i><\/a>w grudniowym newsletterze w sekcji <em>A selection of books that have caught our eye in 2021<\/em>.<\/p>\n<p><em>Aesthetics of Law<\/em> omawia tzw. pi\u0105ty dzia\u0142 filozofii prawa, kt\u00f3ry \u2013 obok ontologii prawa, epistemologii prawa, logiki i etyki prawniczej \u2013 uzupe\u0142nia jej przestrzenie badawcze analogicznie do filozofii og\u00f3lnej. Kamil Zeidler wskazuje, \u017ce estetyczne aspekty prawa mog\u0105 mie\u0107 praktyczne znaczenie we wszystkich jego pi\u0119ciu fenomenach, czyli: tworzeniu, obowi\u0105zywaniu, przestrzeganiu, stosowaniu i wyk\u0142adni. Posi\u0142kuj\u0105c si\u0119 wieloma przyk\u0142adami z zakresu kultury i sztuki, autor udowadnia, \u017ce estetyka prawa wp\u0142ywa na kszta\u0142towanie \u015bwiadomo\u015bci prawnej i postaw wobec praw.<\/p>\n<p>Publikacja zosta\u0142a wydana w dw\u00f3ch wersjach j\u0119zykowych: polskiej i angielskiej.<\/p>\n<p><img fetchpriority=\"high\" decoding=\"async\" class=\"alignnone size-full wp-image-19851\" src=\"https:\/\/wydawnictwo.ug.edu.pl\/wp-content\/uploads\/2022\/06\/ISLL_Newsletter_no13_2021-5.png\" alt=\"\" width=\"1655\" height=\"2340\" srcset=\"https:\/\/wydawnictwo.ug.edu.pl\/wp-content\/uploads\/2022\/06\/ISLL_Newsletter_no13_2021-5.png 1655w, https:\/\/wydawnictwo.ug.edu.pl\/wp-content\/uploads\/2022\/06\/ISLL_Newsletter_no13_2021-5-600x848.png 600w\" sizes=\"(max-width: 1655px) 100vw, 1655px\" \/><\/p>\n","protected":false},"excerpt":{"rendered":"<p>Italian Society for Law and Literature umie\u015bci\u0142 wydan\u0105 przez Wydawnictwo Uniwersytetu Gda\u0144skiego i Wolters Kluwer ksi\u0105\u017ck\u0119 Kamila Zeidlera Aesthetics of Law w grudniowym newsletterze w sekcji A selection of books that have caught our eye in 2021. Aesthetics of Law omawia tzw. pi\u0105ty dzia\u0142 filozofii prawa, kt\u00f3ry \u2013 obok ontologii prawa, epistemologii prawa, logiki i [&hellip;]<\/p>\n","protected":false},"author":1718,"featured_media":8932,"comment_status":"closed","ping_status":"closed","sticky":false,"template":"","format":"standard","meta":{"_acf_changed":false,"footnotes":""},"categories":[1],"tags":[],"class_list":["post-19846","post","type-post","status-publish","format-standard","has-post-thumbnail","hentry","category-aktualnosci"],"acf":[],"_links":{"self":[{"href":"https:\/\/wydawnictwo.ug.edu.pl\/en\/wp-json\/wp\/v2\/posts\/19846","targetHints":{"allow":["GET"]}}],"collection":[{"href":"https:\/\/wydawnictwo.ug.edu.pl\/en\/wp-json\/wp\/v2\/posts"}],"about":[{"href":"https:\/\/wydawnictwo.ug.edu.pl\/en\/wp-json\/wp\/v2\/types\/post"}],"author":[{"embeddable":true,"href":"https:\/\/wydawnictwo.ug.edu.pl\/en\/wp-json\/wp\/v2\/users\/1718"}],"replies":[{"embeddable":true,"href":"https:\/\/wydawnictwo.ug.edu.pl\/en\/wp-json\/wp\/v2\/comments?post=19846"}],"version-history":[{"count":0,"href":"https:\/\/wydawnictwo.ug.edu.pl\/en\/wp-json\/wp\/v2\/posts\/19846\/revisions"}],"wp:featuredmedia":[{"embeddable":true,"href":"https:\/\/wydawnictwo.ug.edu.pl\/en\/wp-json\/wp\/v2\/media\/8932"}],"wp:attachment":[{"href":"https:\/\/wydawnictwo.ug.edu.pl\/en\/wp-json\/wp\/v2\/media?parent=19846"}],"wp:term":[{"taxonomy":"category","embeddable":true,"href":"https:\/\/wydawnictwo.ug.edu.pl\/en\/wp-json\/wp\/v2\/categories?post=19846"},{"taxonomy":"post_tag","embeddable":true,"href":"https:\/\/wydawnictwo.ug.edu.pl\/en\/wp-json\/wp\/v2\/tags?post=19846"}],"curies":[{"name":"wp","href":"https:\/\/api.w.org\/{rel}","templated":true}]}}