{"id":19824,"date":"2022-06-23T08:18:10","date_gmt":"2022-06-23T08:18:10","guid":{"rendered":"https:\/\/wydawnictwo.ug.edu.pl\/?p=19824"},"modified":"2025-07-29T06:18:42","modified_gmt":"2025-07-29T06:18:42","slug":"reportaz-z-premiery-ksiazki-stefana-chwina-wolnosc-pisana-po-jalcie","status":"publish","type":"post","link":"https:\/\/wydawnictwo.ug.edu.pl\/en\/reportaz-z-premiery-ksiazki-stefana-chwina-wolnosc-pisana-po-jalcie\/","title":{"rendered":"Reporta\u017c z premiery ksi\u0105\u017cki Stefana Chwina \u201eWolno\u015b\u0107 pisana po Ja\u0142cie\u201d"},"content":{"rendered":"<div class=\"kvgmc6g5 cxmmr5t8 oygrvhab hcukyx3x c1et5uql ii04i59q\">\n<p dir=\"auto\">20 czerwca 2022 r. o godz. 18.00 mi\u0142o\u015bnicy literatury t\u0142umnie przybyli do Biblioteki Ratuszowej na premier\u0119 ksi\u0105\u017cki Stefana Chwina <a href=\"https:\/\/wydawnictwo.ug.edu.pl\/produkt\/wolnosc-pisana-po-jalcie\/\"><em>Wolno\u015b\u0107 pisana po Ja\u0142cie<\/em><\/a><em>, <\/em>wydanej przez Wydawnictwo Uniwersytetu Gda\u0144skiego oraz <a href=\"https:\/\/www.wbpg.org.pl\/\">Wojew\u00f3dzk\u0105 i Miejsk\u0105 Bibliotek\u0119 Publiczn\u0105 w Gda\u0144sku<\/a>. Spotkanie z autorem ksi\u0105\u017cki poprowadzi\u0142 <a href=\"https:\/\/pl-pl.facebook.com\/nogasnastronie\/\">Micha\u0142 Noga\u015b<\/a>. Go\u015bcie wydarzenia mogli zakupi\u0107 ksi\u0105\u017ck\u0119 w cenie promocyjnej i otrzyma\u0107 podpis autora. Trzecia pozycja z Serii prozatorskiej, kt\u00f3rej wydawc\u0105 jest WiMBP w Gda\u0144sku, mo\u017cna zakupi\u0107 w ksi\u0119garni internetowej WUG oraz w <a href=\"https:\/\/www.wbpg.org.pl\/sklepik\">sklepie internetowym WiMBP<\/a> i filiach biblioteki na terenie Gda\u0144ska.<\/p>\n<p dir=\"auto\">G\u0142\u00f3wnym tematem rozmowy by\u0142a tytu\u0142owa wolno\u015b\u0107 oraz poj\u0119cia bezpo\u015brednio z ni\u0105 zwi\u0105zane: niepodleg\u0142o\u015b\u0107 i suwerenno\u015b\u0107. Stefan Chwin zauwa\u017cy\u0142, \u017ce ch\u0119tnie idealizujemy czasy minione, natomiast nie mo\u017cemy zapomina\u0107, \u017ce w przesz\u0142o\u015bci wolno\u015b\u0107 by\u0142a traktowana jako luksus. Obecnie mamy do czynienia z kreacj\u0105 historii, co widoczne jest zw\u0142aszcza w szkolnych podr\u0119cznikach \u2013 mo\u017cna odnie\u015b\u0107 wra\u017cenie, \u017ce we wszelkich zrywach wolno\u015bciowych uczestniczy\u0142a wi\u0119kszo\u015b\u0107, podczas gdy w rzeczywisto\u015bci wielu ludzi tak naprawd\u0119 stara\u0142o si\u0119 dostosowa\u0107 do reali\u00f3w, w jakich przysz\u0142o im \u017cy\u0107. <em>Wolno\u015b\u0107 pisana po Ja\u0142cie<\/em> jest ksi\u0105\u017ck\u0105 niezwykle aktualn\u0105 wobec wsp\u00f3\u0142czesnych wydarze\u0144, tote\u017c spotkanie by\u0142o dobr\u0105 okazj\u0105 do analizy i osadzenia w kontek\u015bcie historycznym proces\u00f3w zachodz\u0105cych na naszych oczach.<\/p>\n<\/div>\n<div class=\"cxmmr5t8 oygrvhab hcukyx3x c1et5uql o9v6fnle ii04i59q\">\n<p dir=\"auto\">\u0179r\u00f3d\u0142o: <em>Strona WiMBP w Gda\u0144sku<\/em><\/p>\n<p dir=\"auto\">Zach\u0119camy do obejrzenia relacji fotograficznej ze spotkania autorstwa Marka Demczuka.<\/p>\n<div id='gallery-1' class='gallery galleryid-19824 gallery-columns-3 gallery-size-thumbnail'><figure class='gallery-item'>\n\t\t\t<div class='gallery-icon landscape'>\n\t\t\t\t<a href='https:\/\/wydawnictwo.ug.edu.pl\/wp-content\/uploads\/2022\/06\/CQ8A7016_got-2.jpg'><img decoding=\"async\" width=\"150\" height=\"100\" src=\"https:\/\/wydawnictwo.ug.edu.pl\/wp-content\/uploads\/2022\/06\/CQ8A7016_got-2.jpg\" class=\"attachment-thumbnail size-thumbnail\" alt=\"\" srcset=\"https:\/\/wydawnictwo.ug.edu.pl\/wp-content\/uploads\/2022\/06\/CQ8A7016_got-2.jpg 958w, https:\/\/wydawnictwo.ug.edu.pl\/wp-content\/uploads\/2022\/06\/CQ8A7016_got-2-600x400.jpg 600w\" sizes=\"(max-width: 150px) 100vw, 150px\" \/><\/a>\n\t\t\t<\/div><\/figure><figure class='gallery-item'>\n\t\t\t<div class='gallery-icon landscape'>\n\t\t\t\t<a href='https:\/\/wydawnictwo.ug.edu.pl\/wp-content\/uploads\/2022\/06\/CQ8A7024_got.jpg'><img decoding=\"async\" width=\"150\" height=\"100\" src=\"https:\/\/wydawnictwo.ug.edu.pl\/wp-content\/uploads\/2022\/06\/CQ8A7024_got.jpg\" class=\"attachment-thumbnail size-thumbnail\" alt=\"\" srcset=\"https:\/\/wydawnictwo.ug.edu.pl\/wp-content\/uploads\/2022\/06\/CQ8A7024_got.jpg 1162w, https:\/\/wydawnictwo.ug.edu.pl\/wp-content\/uploads\/2022\/06\/CQ8A7024_got-600x400.jpg 600w\" sizes=\"(max-width: 150px) 100vw, 150px\" \/><\/a>\n\t\t\t<\/div><\/figure><figure class='gallery-item'>\n\t\t\t<div class='gallery-icon landscape'>\n\t\t\t\t<a href='https:\/\/wydawnictwo.ug.edu.pl\/wp-content\/uploads\/2022\/06\/CQ8A7020_got.jpg'><img decoding=\"async\" width=\"150\" height=\"100\" src=\"https:\/\/wydawnictwo.ug.edu.pl\/wp-content\/uploads\/2022\/06\/CQ8A7020_got.jpg\" class=\"attachment-thumbnail size-thumbnail\" alt=\"\" srcset=\"https:\/\/wydawnictwo.ug.edu.pl\/wp-content\/uploads\/2022\/06\/CQ8A7020_got.jpg 1094w, https:\/\/wydawnictwo.ug.edu.pl\/wp-content\/uploads\/2022\/06\/CQ8A7020_got-600x400.jpg 600w\" sizes=\"(max-width: 150px) 100vw, 150px\" \/><\/a>\n\t\t\t<\/div><\/figure><figure class='gallery-item'>\n\t\t\t<div class='gallery-icon landscape'>\n\t\t\t\t<a href='https:\/\/wydawnictwo.ug.edu.pl\/wp-content\/uploads\/2022\/06\/CQ8A7061_got.jpg'><img loading=\"lazy\" decoding=\"async\" width=\"150\" height=\"100\" src=\"https:\/\/wydawnictwo.ug.edu.pl\/wp-content\/uploads\/2022\/06\/CQ8A7061_got.jpg\" class=\"attachment-thumbnail size-thumbnail\" alt=\"\" srcset=\"https:\/\/wydawnictwo.ug.edu.pl\/wp-content\/uploads\/2022\/06\/CQ8A7061_got.jpg 958w, https:\/\/wydawnictwo.ug.edu.pl\/wp-content\/uploads\/2022\/06\/CQ8A7061_got-600x400.jpg 600w\" sizes=\"(max-width: 150px) 100vw, 150px\" \/><\/a>\n\t\t\t<\/div><\/figure><figure class='gallery-item'>\n\t\t\t<div class='gallery-icon landscape'>\n\t\t\t\t<a href='https:\/\/wydawnictwo.ug.edu.pl\/wp-content\/uploads\/2022\/06\/CQ8A7005_got.jpg'><img loading=\"lazy\" decoding=\"async\" width=\"150\" height=\"100\" src=\"https:\/\/wydawnictwo.ug.edu.pl\/wp-content\/uploads\/2022\/06\/CQ8A7005_got.jpg\" class=\"attachment-thumbnail size-thumbnail\" alt=\"\" srcset=\"https:\/\/wydawnictwo.ug.edu.pl\/wp-content\/uploads\/2022\/06\/CQ8A7005_got.jpg 1094w, https:\/\/wydawnictwo.ug.edu.pl\/wp-content\/uploads\/2022\/06\/CQ8A7005_got-600x400.jpg 600w\" sizes=\"(max-width: 150px) 100vw, 150px\" \/><\/a>\n\t\t\t<\/div><\/figure><figure class='gallery-item'>\n\t\t\t<div class='gallery-icon landscape'>\n\t\t\t\t<a href='https:\/\/wydawnictwo.ug.edu.pl\/wp-content\/uploads\/2022\/06\/CQ8A7079_got.jpg'><img loading=\"lazy\" decoding=\"async\" width=\"150\" height=\"100\" src=\"https:\/\/wydawnictwo.ug.edu.pl\/wp-content\/uploads\/2022\/06\/CQ8A7079_got.jpg\" class=\"attachment-thumbnail size-thumbnail\" alt=\"\" srcset=\"https:\/\/wydawnictwo.ug.edu.pl\/wp-content\/uploads\/2022\/06\/CQ8A7079_got.jpg 958w, https:\/\/wydawnictwo.ug.edu.pl\/wp-content\/uploads\/2022\/06\/CQ8A7079_got-600x400.jpg 600w\" sizes=\"(max-width: 150px) 100vw, 150px\" \/><\/a>\n\t\t\t<\/div><\/figure>\n\t\t<\/div>\n\n<p>O premierze napisa\u0142a tak\u017ce redakcja strony <a href=\"https:\/\/www.gdansk.pl\/wiadomosci\/Stefan-Chwin-spotkanie-autorskie-z-czytelnikami-na-Oruni,a,222455\">Gdansk.pl.<\/a> Na stronie mo\u017cna znale\u017a\u0107 <a href=\"https:\/\/www.gdansk.pl\/wiadomosci\/Stefan-Chwin-spotkanie-autorskie-z-czytelnikami-na-Oruni,a,222455\">filmowy zapis z wydarzenia<\/a>.<\/p>\n<\/div>\n","protected":false},"excerpt":{"rendered":"<p>20 czerwca 2022 r. o godz. 18.00 mi\u0142o\u015bnicy literatury t\u0142umnie przybyli do Biblioteki Ratuszowej na premier\u0119 ksi\u0105\u017cki Stefana Chwina Wolno\u015b\u0107 pisana po Ja\u0142cie, wydanej przez Wydawnictwo Uniwersytetu Gda\u0144skiego oraz Wojew\u00f3dzk\u0105 i Miejsk\u0105 Bibliotek\u0119 Publiczn\u0105 w Gda\u0144sku. Spotkanie z autorem ksi\u0105\u017cki poprowadzi\u0142 Micha\u0142 Noga\u015b. Go\u015bcie wydarzenia mogli zakupi\u0107 ksi\u0105\u017ck\u0119 w cenie promocyjnej i otrzyma\u0107 podpis autora. [&hellip;]<\/p>\n","protected":false},"author":1718,"featured_media":19825,"comment_status":"closed","ping_status":"closed","sticky":false,"template":"","format":"standard","meta":{"_acf_changed":false,"footnotes":""},"categories":[6793,6666],"tags":[],"class_list":["post-19824","post","type-post","status-publish","format-standard","has-post-thumbnail","hentry","category-galerie","category-wydarzenia"],"acf":[],"_links":{"self":[{"href":"https:\/\/wydawnictwo.ug.edu.pl\/en\/wp-json\/wp\/v2\/posts\/19824","targetHints":{"allow":["GET"]}}],"collection":[{"href":"https:\/\/wydawnictwo.ug.edu.pl\/en\/wp-json\/wp\/v2\/posts"}],"about":[{"href":"https:\/\/wydawnictwo.ug.edu.pl\/en\/wp-json\/wp\/v2\/types\/post"}],"author":[{"embeddable":true,"href":"https:\/\/wydawnictwo.ug.edu.pl\/en\/wp-json\/wp\/v2\/users\/1718"}],"replies":[{"embeddable":true,"href":"https:\/\/wydawnictwo.ug.edu.pl\/en\/wp-json\/wp\/v2\/comments?post=19824"}],"version-history":[{"count":0,"href":"https:\/\/wydawnictwo.ug.edu.pl\/en\/wp-json\/wp\/v2\/posts\/19824\/revisions"}],"wp:featuredmedia":[{"embeddable":true,"href":"https:\/\/wydawnictwo.ug.edu.pl\/en\/wp-json\/wp\/v2\/media\/19825"}],"wp:attachment":[{"href":"https:\/\/wydawnictwo.ug.edu.pl\/en\/wp-json\/wp\/v2\/media?parent=19824"}],"wp:term":[{"taxonomy":"category","embeddable":true,"href":"https:\/\/wydawnictwo.ug.edu.pl\/en\/wp-json\/wp\/v2\/categories?post=19824"},{"taxonomy":"post_tag","embeddable":true,"href":"https:\/\/wydawnictwo.ug.edu.pl\/en\/wp-json\/wp\/v2\/tags?post=19824"}],"curies":[{"name":"wp","href":"https:\/\/api.w.org\/{rel}","templated":true}]}}