{"id":19604,"date":"2022-05-31T08:42:20","date_gmt":"2022-05-31T08:42:20","guid":{"rendered":"https:\/\/wydawnictwo.ug.edu.pl\/?p=19604"},"modified":"2025-07-29T11:21:26","modified_gmt":"2025-07-29T11:21:26","slug":"i-nagroda-w-konkursie-panstwa-i-prawa-dla-ksiazki-dr-hab-macieja-wojciechowskiego","status":"publish","type":"post","link":"https:\/\/wydawnictwo.ug.edu.pl\/en\/i-nagroda-w-konkursie-panstwa-i-prawa-dla-ksiazki-dr-hab-macieja-wojciechowskiego\/","title":{"rendered":"I nagroda w konkursie \u201ePa\u0144stwa i Prawa\u201d dla ksi\u0105\u017cki dr. hab. Macieja Wojciechowskiego"},"content":{"rendered":"<p>Ksi\u0105\u017cka dr. hab. Macieja Wojciechowskiego, adiunkta w Katedrze Teorii i Filozofii Pa\u0144stwa i Prawa na Wydziale Prawa i Administracji Uniwersytetu Gda\u0144skiego, <a href=\"https:\/\/wydawnictwo.ug.edu.pl\/produkt\/spory-sedziowskie-zdania-odrebne-w-polskich-sadach\/\"><em>Spory s\u0119dziowskie. Zdania odr\u0119bne w polskich s\u0105dach<\/em><\/a>\u00a0zdoby\u0142a I nagrod\u0119 w tegorocznej edycji presti\u017cowego konkursu miesi\u0119cznika \u201e<a href=\"https:\/\/www.wolterskluwer.com\/pl-pl\/solutions\/czasopisma\/panstwo-i-prawo\">Pa\u0144stwo i Prawo<\/a>\u201d na najlepsze rozprawy habilitacyjne.<\/p>\n<p>Uroczysto\u015b\u0107 wr\u0119czenia nagr\u00f3d odb\u0119dzie si\u0119 w\u00a0Warszawie 27 czerwca 2022 r.<\/p>\n<p>Serdecznie gratulujemy!<\/p>\n","protected":false},"excerpt":{"rendered":"<p>Ksi\u0105\u017cka dr. hab. Macieja Wojciechowskiego, adiunkta w Katedrze Teorii i Filozofii Pa\u0144stwa i Prawa na Wydziale Prawa i Administracji Uniwersytetu Gda\u0144skiego, Spory s\u0119dziowskie. Zdania odr\u0119bne w polskich s\u0105dach\u00a0zdoby\u0142a I nagrod\u0119 w tegorocznej edycji presti\u017cowego konkursu miesi\u0119cznika \u201ePa\u0144stwo i Prawo\u201d na najlepsze rozprawy habilitacyjne. Uroczysto\u015b\u0107 wr\u0119czenia nagr\u00f3d odb\u0119dzie si\u0119 w\u00a0Warszawie 27 czerwca 2022 r. Serdecznie gratulujemy!<\/p>\n","protected":false},"author":1718,"featured_media":23068,"comment_status":"closed","ping_status":"closed","sticky":false,"template":"","format":"standard","meta":{"_acf_changed":false,"footnotes":""},"categories":[653],"tags":[6781],"class_list":["post-19604","post","type-post","status-publish","format-standard","has-post-thumbnail","hentry","category-nagrody-i-nominacje","tag-nagroda"],"acf":[],"_links":{"self":[{"href":"https:\/\/wydawnictwo.ug.edu.pl\/en\/wp-json\/wp\/v2\/posts\/19604","targetHints":{"allow":["GET"]}}],"collection":[{"href":"https:\/\/wydawnictwo.ug.edu.pl\/en\/wp-json\/wp\/v2\/posts"}],"about":[{"href":"https:\/\/wydawnictwo.ug.edu.pl\/en\/wp-json\/wp\/v2\/types\/post"}],"author":[{"embeddable":true,"href":"https:\/\/wydawnictwo.ug.edu.pl\/en\/wp-json\/wp\/v2\/users\/1718"}],"replies":[{"embeddable":true,"href":"https:\/\/wydawnictwo.ug.edu.pl\/en\/wp-json\/wp\/v2\/comments?post=19604"}],"version-history":[{"count":0,"href":"https:\/\/wydawnictwo.ug.edu.pl\/en\/wp-json\/wp\/v2\/posts\/19604\/revisions"}],"wp:featuredmedia":[{"embeddable":true,"href":"https:\/\/wydawnictwo.ug.edu.pl\/en\/wp-json\/wp\/v2\/media\/23068"}],"wp:attachment":[{"href":"https:\/\/wydawnictwo.ug.edu.pl\/en\/wp-json\/wp\/v2\/media?parent=19604"}],"wp:term":[{"taxonomy":"category","embeddable":true,"href":"https:\/\/wydawnictwo.ug.edu.pl\/en\/wp-json\/wp\/v2\/categories?post=19604"},{"taxonomy":"post_tag","embeddable":true,"href":"https:\/\/wydawnictwo.ug.edu.pl\/en\/wp-json\/wp\/v2\/tags?post=19604"}],"curies":[{"name":"wp","href":"https:\/\/api.w.org\/{rel}","templated":true}]}}