{"id":13543,"date":"2022-01-03T10:59:11","date_gmt":"2022-01-03T10:59:11","guid":{"rendered":"https:\/\/wydawnictwo.ug.edu.pl\/?p=13543"},"modified":"2026-02-05T13:17:49","modified_gmt":"2026-02-05T13:17:49","slug":"top-ksiazka-miesiaca-najpopularniejsze-tytuly-grudnia-2021","status":"publish","type":"post","link":"https:\/\/wydawnictwo.ug.edu.pl\/en\/top-ksiazka-miesiaca-najpopularniejsze-tytuly-grudnia-2021\/","title":{"rendered":"TOP &#8211; ksi\u0105\u017cka miesi\u0105ca. Najpopularniejsze tytu\u0142y stycznia"},"content":{"rendered":"<p>Jak co miesi\u0105c prezentujemy tytu\u0142y plasuj\u0105ce si\u0119 na szczycie czytelniczego rankingu TOP &#8211; ksi\u0105\u017cka miesi\u0105ca. Poni\u017cej przedstawiamy trzy najlepiej sprzedaj\u0105ce si\u0119 tytu\u0142y w styczniu 2022 roku:<\/p>\n<ol>\n<li>Krzysztof Lewalski, Tadeusz Stegner, <a href=\"https:\/\/wydawnictwo.ug.edu.pl\/produkt\/koscioly-wyznania-wspolnoty-i-zwiazki-religijne-w-krolestwie-polskim-1815-1914\/\"><em>Ko\u015bcio\u0142y, wyznania, wsp\u00f3lnoty i zwi\u0105zki religijne w Kr\u00f3lestwie Polskim (1815\u20131914)<\/em><\/a><\/li>\n<li>Magdalena Glanc-\u017babie\u0142owicz, <a href=\"https:\/\/wydawnictwo.ug.edu.pl\/produkt\/debata-hart-devlin-studium-z-filozofii-prawa\/\"><em>Debata Hart \u2013 Devlin. Studium z filozofii prawa\u00a0<\/em><\/a><\/li>\n<li>Luiza Kliczkowska,<a href=\"https:\/\/wydawnictwo.ug.edu.pl\/produkt\/seppuku-jako-przyklad-procesu-normatywizacji-zwyczaju-w-prawie-japonskim\/\"><em> Seppuku jako przyk\u0142ad procesu normatywizacji zwyczaju w prawie japo\u0144skim<\/em><\/a><\/li>\n<\/ol>\n<div id='gallery-1' class='gallery galleryid-13543 gallery-columns-3 gallery-size-full'><figure class='gallery-item'>\n\t\t\t<div class='gallery-icon landscape'>\n\t\t\t\t<a href='https:\/\/wydawnictwo.ug.edu.pl\/wp-content\/uploads\/2021\/11\/wydawnictwo_mockup_docietymn.png'><img fetchpriority=\"high\" decoding=\"async\" width=\"978\" height=\"936\" src=\"https:\/\/wydawnictwo.ug.edu.pl\/wp-content\/uploads\/2021\/11\/wydawnictwo_mockup_docietymn.png\" class=\"attachment-full size-full\" alt=\"Ok\u0142adka ksi\u0105\u017cki Ko\u015bcio\u0142y, wyznania, wsp\u00f3lnoty i zwi\u0105zki religijne w Kr\u00f3lestwie Polskim (1815\u20131914)\" srcset=\"https:\/\/wydawnictwo.ug.edu.pl\/wp-content\/uploads\/2021\/11\/wydawnictwo_mockup_docietymn.png 978w, https:\/\/wydawnictwo.ug.edu.pl\/wp-content\/uploads\/2021\/11\/wydawnictwo_mockup_docietymn-600x574.png 600w, https:\/\/wydawnictwo.ug.edu.pl\/wp-content\/uploads\/2021\/11\/wydawnictwo_mockup_docietymn-300x287.png 300w, https:\/\/wydawnictwo.ug.edu.pl\/wp-content\/uploads\/2021\/11\/wydawnictwo_mockup_docietymn-768x735.png 768w, https:\/\/wydawnictwo.ug.edu.pl\/wp-content\/uploads\/2021\/11\/wydawnictwo_mockup_docietymn-640x613.png 640w, https:\/\/wydawnictwo.ug.edu.pl\/wp-content\/uploads\/2021\/11\/wydawnictwo_mockup_docietymn-400x383.png 400w, https:\/\/wydawnictwo.ug.edu.pl\/wp-content\/uploads\/2021\/11\/wydawnictwo_mockup_docietymn-32x32.png 32w\" sizes=\"(max-width: 978px) 100vw, 978px\" \/><\/a>\n\t\t\t<\/div><\/figure><figure class='gallery-item'>\n\t\t\t<div class='gallery-icon landscape'>\n\t\t\t\t<a href='https:\/\/wydawnictwo.ug.edu.pl\/wp-content\/uploads\/2021\/12\/wydawnictwo_mockup_dociety-6.png'><img decoding=\"async\" width=\"978\" height=\"936\" src=\"https:\/\/wydawnictwo.ug.edu.pl\/wp-content\/uploads\/2021\/12\/wydawnictwo_mockup_dociety-6.png\" class=\"attachment-full size-full\" alt=\"\" srcset=\"https:\/\/wydawnictwo.ug.edu.pl\/wp-content\/uploads\/2021\/12\/wydawnictwo_mockup_dociety-6.png 978w, https:\/\/wydawnictwo.ug.edu.pl\/wp-content\/uploads\/2021\/12\/wydawnictwo_mockup_dociety-6-600x574.png 600w, https:\/\/wydawnictwo.ug.edu.pl\/wp-content\/uploads\/2021\/12\/wydawnictwo_mockup_dociety-6-300x287.png 300w, https:\/\/wydawnictwo.ug.edu.pl\/wp-content\/uploads\/2021\/12\/wydawnictwo_mockup_dociety-6-768x735.png 768w, https:\/\/wydawnictwo.ug.edu.pl\/wp-content\/uploads\/2021\/12\/wydawnictwo_mockup_dociety-6-640x613.png 640w, https:\/\/wydawnictwo.ug.edu.pl\/wp-content\/uploads\/2021\/12\/wydawnictwo_mockup_dociety-6-400x383.png 400w, https:\/\/wydawnictwo.ug.edu.pl\/wp-content\/uploads\/2021\/12\/wydawnictwo_mockup_dociety-6-32x32.png 32w\" sizes=\"(max-width: 978px) 100vw, 978px\" \/><\/a>\n\t\t\t<\/div><\/figure><figure class='gallery-item'>\n\t\t\t<div class='gallery-icon landscape'>\n\t\t\t\t<a href='https:\/\/wydawnictwo.ug.edu.pl\/wp-content\/uploads\/2021\/09\/wydawnictwo_mockup_dociety-1.png'><img decoding=\"async\" width=\"978\" height=\"936\" src=\"https:\/\/wydawnictwo.ug.edu.pl\/wp-content\/uploads\/2021\/09\/wydawnictwo_mockup_dociety-1.png\" class=\"attachment-full size-full\" alt=\"\" srcset=\"https:\/\/wydawnictwo.ug.edu.pl\/wp-content\/uploads\/2021\/09\/wydawnictwo_mockup_dociety-1.png 978w, https:\/\/wydawnictwo.ug.edu.pl\/wp-content\/uploads\/2021\/09\/wydawnictwo_mockup_dociety-1-600x574.png 600w, https:\/\/wydawnictwo.ug.edu.pl\/wp-content\/uploads\/2021\/09\/wydawnictwo_mockup_dociety-1-300x287.png 300w, https:\/\/wydawnictwo.ug.edu.pl\/wp-content\/uploads\/2021\/09\/wydawnictwo_mockup_dociety-1-768x735.png 768w, https:\/\/wydawnictwo.ug.edu.pl\/wp-content\/uploads\/2021\/09\/wydawnictwo_mockup_dociety-1-640x613.png 640w, https:\/\/wydawnictwo.ug.edu.pl\/wp-content\/uploads\/2021\/09\/wydawnictwo_mockup_dociety-1-400x383.png 400w, https:\/\/wydawnictwo.ug.edu.pl\/wp-content\/uploads\/2021\/09\/wydawnictwo_mockup_dociety-1-32x32.png 32w\" sizes=\"(max-width: 978px) 100vw, 978px\" \/><\/a>\n\t\t\t<\/div><\/figure>\n\t\t<\/div>\n\n","protected":false},"excerpt":{"rendered":"<p>Jak co miesi\u0105c prezentujemy tytu\u0142y plasuj\u0105ce si\u0119 na szczycie czytelniczego rankingu TOP &#8211; ksi\u0105\u017cka miesi\u0105ca. Poni\u017cej przedstawiamy trzy najlepiej sprzedaj\u0105ce si\u0119 tytu\u0142y w styczniu 2022 roku: Krzysztof Lewalski, Tadeusz Stegner, Ko\u015bcio\u0142y, wyznania, wsp\u00f3lnoty i zwi\u0105zki religijne w Kr\u00f3lestwie Polskim (1815\u20131914) Magdalena Glanc-\u017babie\u0142owicz, Debata Hart \u2013 Devlin. Studium z filozofii prawa\u00a0 Luiza Kliczkowska, Seppuku jako przyk\u0142ad [&hellip;]<\/p>\n","protected":false},"author":1718,"featured_media":47323,"comment_status":"closed","ping_status":"closed","sticky":false,"template":"","format":"standard","meta":{"_acf_changed":false,"footnotes":""},"categories":[1],"tags":[2492],"class_list":["post-13543","post","type-post","status-publish","format-standard","has-post-thumbnail","hentry","category-aktualnosci","tag-bestsellery"],"acf":[],"_links":{"self":[{"href":"https:\/\/wydawnictwo.ug.edu.pl\/en\/wp-json\/wp\/v2\/posts\/13543","targetHints":{"allow":["GET"]}}],"collection":[{"href":"https:\/\/wydawnictwo.ug.edu.pl\/en\/wp-json\/wp\/v2\/posts"}],"about":[{"href":"https:\/\/wydawnictwo.ug.edu.pl\/en\/wp-json\/wp\/v2\/types\/post"}],"author":[{"embeddable":true,"href":"https:\/\/wydawnictwo.ug.edu.pl\/en\/wp-json\/wp\/v2\/users\/1718"}],"replies":[{"embeddable":true,"href":"https:\/\/wydawnictwo.ug.edu.pl\/en\/wp-json\/wp\/v2\/comments?post=13543"}],"version-history":[{"count":1,"href":"https:\/\/wydawnictwo.ug.edu.pl\/en\/wp-json\/wp\/v2\/posts\/13543\/revisions"}],"predecessor-version":[{"id":47325,"href":"https:\/\/wydawnictwo.ug.edu.pl\/en\/wp-json\/wp\/v2\/posts\/13543\/revisions\/47325"}],"wp:featuredmedia":[{"embeddable":true,"href":"https:\/\/wydawnictwo.ug.edu.pl\/en\/wp-json\/wp\/v2\/media\/47323"}],"wp:attachment":[{"href":"https:\/\/wydawnictwo.ug.edu.pl\/en\/wp-json\/wp\/v2\/media?parent=13543"}],"wp:term":[{"taxonomy":"category","embeddable":true,"href":"https:\/\/wydawnictwo.ug.edu.pl\/en\/wp-json\/wp\/v2\/categories?post=13543"},{"taxonomy":"post_tag","embeddable":true,"href":"https:\/\/wydawnictwo.ug.edu.pl\/en\/wp-json\/wp\/v2\/tags?post=13543"}],"curies":[{"name":"wp","href":"https:\/\/api.w.org\/{rel}","templated":true}]}}