{"id":12982,"date":"2021-12-14T13:34:44","date_gmt":"2021-12-14T13:34:44","guid":{"rendered":"https:\/\/wydawnictwo.ug.edu.pl\/?p=12982"},"modified":"2025-05-21T08:45:06","modified_gmt":"2025-05-21T08:45:06","slug":"spotkanie-z-rafalem-krolem-i-promocja-ksiazki-25-500","status":"publish","type":"post","link":"https:\/\/wydawnictwo.ug.edu.pl\/en\/spotkanie-z-rafalem-krolem-i-promocja-ksiazki-25-500\/","title":{"rendered":"Spotkanie z Rafa\u0142em Kr\u00f3lem i promocja ksi\u0105\u017cki \u201e25 500\u201d"},"content":{"rendered":"<p>22 grudnia o godz. 15.30 w Sali Teatralnej na Wydziale Neofilologicznym Uniwersytetu Gda\u0144skiego odb\u0119dzie si\u0119 spotkanie z Rafa\u0142em Kr\u00f3lem, autorem ksi\u0105\u017cki <a href=\"https:\/\/wydawnictwo.ug.edu.pl\/produkt\/25-500\/\" target=\"_blank\" rel=\"noopener\"><em>25 500<\/em><\/a>. Podczas spotkania ze s\u0142uchaczami Gda\u0144skiego Uniwersytetu Trzeciego Wieku, Rafa\u0142 Kr\u00f3l &#8211; podr\u00f3\u017cnik, eksplorator i redaktor serwisu expeditions.pl, opowie o odbytych przez siebie podr\u00f3\u017cach i zdobytych do\u015bwiadczeniach. Serdecznie zapraszamy.<\/p>\n","protected":false},"excerpt":{"rendered":"<p>22 grudnia o godz. 15.30 w Sali Teatralnej na Wydziale Neofilologicznym Uniwersytetu Gda\u0144skiego odb\u0119dzie si\u0119 spotkanie z Rafa\u0142em Kr\u00f3lem, autorem ksi\u0105\u017cki 25 500. Podczas spotkania ze s\u0142uchaczami Gda\u0144skiego Uniwersytetu Trzeciego Wieku, Rafa\u0142 Kr\u00f3l &#8211; podr\u00f3\u017cnik, eksplorator i redaktor serwisu expeditions.pl, opowie o odbytych przez siebie podr\u00f3\u017cach i zdobytych do\u015bwiadczeniach. Serdecznie zapraszamy.<\/p>\n","protected":false},"author":1718,"featured_media":12980,"comment_status":"closed","ping_status":"closed","sticky":false,"template":"","format":"standard","meta":{"_acf_changed":false,"footnotes":""},"categories":[6666],"tags":[],"class_list":["post-12982","post","type-post","status-publish","format-standard","has-post-thumbnail","hentry","category-wydarzenia"],"acf":[],"_links":{"self":[{"href":"https:\/\/wydawnictwo.ug.edu.pl\/en\/wp-json\/wp\/v2\/posts\/12982","targetHints":{"allow":["GET"]}}],"collection":[{"href":"https:\/\/wydawnictwo.ug.edu.pl\/en\/wp-json\/wp\/v2\/posts"}],"about":[{"href":"https:\/\/wydawnictwo.ug.edu.pl\/en\/wp-json\/wp\/v2\/types\/post"}],"author":[{"embeddable":true,"href":"https:\/\/wydawnictwo.ug.edu.pl\/en\/wp-json\/wp\/v2\/users\/1718"}],"replies":[{"embeddable":true,"href":"https:\/\/wydawnictwo.ug.edu.pl\/en\/wp-json\/wp\/v2\/comments?post=12982"}],"version-history":[{"count":0,"href":"https:\/\/wydawnictwo.ug.edu.pl\/en\/wp-json\/wp\/v2\/posts\/12982\/revisions"}],"wp:featuredmedia":[{"embeddable":true,"href":"https:\/\/wydawnictwo.ug.edu.pl\/en\/wp-json\/wp\/v2\/media\/12980"}],"wp:attachment":[{"href":"https:\/\/wydawnictwo.ug.edu.pl\/en\/wp-json\/wp\/v2\/media?parent=12982"}],"wp:term":[{"taxonomy":"category","embeddable":true,"href":"https:\/\/wydawnictwo.ug.edu.pl\/en\/wp-json\/wp\/v2\/categories?post=12982"},{"taxonomy":"post_tag","embeddable":true,"href":"https:\/\/wydawnictwo.ug.edu.pl\/en\/wp-json\/wp\/v2\/tags?post=12982"}],"curies":[{"name":"wp","href":"https:\/\/api.w.org\/{rel}","templated":true}]}}